{"id":432,"date":"2025-11-12T09:35:21","date_gmt":"2025-11-12T12:35:21","guid":{"rendered":"https:\/\/radiofenix.com\/?p=432"},"modified":"2025-11-27T10:01:14","modified_gmt":"2025-11-27T13:01:14","slug":"estudiantes-chubutenses-obtuvieron-los-primeros-puestos-en-la-final-nacional-de-la-liga-de-robotica","status":"publish","type":"post","link":"https:\/\/radiofenix.com\/index.php\/2025\/11\/12\/estudiantes-chubutenses-obtuvieron-los-primeros-puestos-en-la-final-nacional-de-la-liga-de-robotica\/","title":{"rendered":"Estudiantes chubutenses obtuvieron los primeros puestos en la final nacional de la Liga de Rob\u00f3tica"},"content":{"rendered":"<h5 class=\"article-deck\">La delegaci\u00f3n provincial particip\u00f3 en la competencia realizada en Entre R\u00edos y alcanz\u00f3 destacadas posiciones en diversas categor\u00edas. El gobernador Torres los recibi\u00f3 en Casa de Gobierno y destac\u00f3 el compromiso y la creatividad de los j\u00f3venes y docentes.<\/h5>\n<p>El gobernador del Chubut, Ignacio \u00abNacho\u00bb Torres, felicit\u00f3 a los\u00a0<strong>alumnos de siete instituciones educativas que representaron a la provincia\u00a0<\/strong><a href=\"https:\/\/www.eqsnotas.com\/actualidad\/estudiantes-de-siete-escuelas-representaran-a-chubut-en-la-final-nacional-de-la-liga-de-robotica_a690e5219c0dc41406ffb06be\"><strong>en la Final de la Liga de Rob\u00f3tica 2025<\/strong>,<\/a>\u00a0que se realiz\u00f3 en Entre R\u00edos,\u00a0<strong>obteniendo los primeros lugares en distintas categor\u00edas.<\/strong><\/p>\n<p><img loading=\"lazy\" decoding=\"async\" class=\"alignnone size-medium wp-image-434\" src=\"https:\/\/radiofenix.com\/wp-content\/uploads\/2025\/11\/Robotica-4-300x199.webp\" alt=\"\" width=\"300\" height=\"199\" srcset=\"https:\/\/radiofenix.com\/wp-content\/uploads\/2025\/11\/Robotica-4-300x199.webp 300w, https:\/\/radiofenix.com\/wp-content\/uploads\/2025\/11\/Robotica-4-1024x681.webp 1024w, https:\/\/radiofenix.com\/wp-content\/uploads\/2025\/11\/Robotica-4-768x511.webp 768w, https:\/\/radiofenix.com\/wp-content\/uploads\/2025\/11\/Robotica-4.webp 1083w\" sizes=\"auto, (max-width: 300px) 100vw, 300px\" \/><\/p>\n<p><strong>La delegaci\u00f3n provincial<\/strong>\u00a0estuvo integrada por alumnos de las escuelas 702 de Rawson; \u00a0506 y 724 de Trelew; 703 de Puerto Madryn; 733 de Gaiman; 781 de Dolavon y 765 de Lago Puelo, y en una actuaci\u00f3n sobresaliente,\u00a0<strong>la Escuela N\u00ba 733 de Gaiman se consagr\u00f3 campeona nacional\u00a0<\/strong>en las categor\u00edas F\u00fatbol y Minisumo, adem\u00e1s de obtener\u00a0<strong>segundo y tercer puesto<\/strong>\u00a0en Laberinto.<\/p>\n<p>Por su parte, la\u00a0<strong>Escuela N\u00ba 703 de Puerto Madryn<\/strong>\u00a0alcanz\u00f3 el\u00a0<strong>segundo lugar<\/strong>\u00a0en Sumo y el\u00a0<strong>tercer lugar\u00a0<\/strong>en Sumo RC, reafirmando el nivel t\u00e9cnico y la preparaci\u00f3n de los equipos chubutenses.<\/p>\n<p><img loading=\"lazy\" decoding=\"async\" class=\"alignnone size-medium wp-image-435\" src=\"https:\/\/radiofenix.com\/wp-content\/uploads\/2025\/11\/Robotica-3-300x200.webp\" alt=\"\" width=\"300\" height=\"200\" srcset=\"https:\/\/radiofenix.com\/wp-content\/uploads\/2025\/11\/Robotica-3-300x200.webp 300w, https:\/\/radiofenix.com\/wp-content\/uploads\/2025\/11\/Robotica-3-1024x683.webp 1024w, https:\/\/radiofenix.com\/wp-content\/uploads\/2025\/11\/Robotica-3-768x512.webp 768w, https:\/\/radiofenix.com\/wp-content\/uploads\/2025\/11\/Robotica-3.webp 1079w\" sizes=\"auto, (max-width: 300px) 100vw, 300px\" \/><\/p>\n<p>\u00abEstos resultados reflejan\u00a0<strong>el compromiso, la creatividad y la capacidad<\/strong>\u00a0de nuestros estudiantes y docentes que integran los proyectos de rob\u00f3tica en la provincia\u00bb, dijo el gobernador.<\/p>\n<p>Asimismo el mandatario destac\u00f3 \u00abel trabajo que viene haciendo el\u00a0<strong>Ministerio de Educaci\u00f3n del Chubut<\/strong>, a trav\u00e9s de la Direcci\u00f3n de Tecnolog\u00eda Educativa\u00bb.<\/p>\n<p><img loading=\"lazy\" decoding=\"async\" class=\"alignnone size-medium wp-image-436\" src=\"https:\/\/radiofenix.com\/wp-content\/uploads\/2025\/11\/Robotica-5-300x200.webp\" alt=\"\" width=\"300\" height=\"200\" srcset=\"https:\/\/radiofenix.com\/wp-content\/uploads\/2025\/11\/Robotica-5-300x200.webp 300w, https:\/\/radiofenix.com\/wp-content\/uploads\/2025\/11\/Robotica-5-1024x683.webp 1024w, https:\/\/radiofenix.com\/wp-content\/uploads\/2025\/11\/Robotica-5-768x512.webp 768w, https:\/\/radiofenix.com\/wp-content\/uploads\/2025\/11\/Robotica-5.webp 1079w\" sizes=\"auto, (max-width: 300px) 100vw, 300px\" \/><\/p>\n<p>\u201cLa participaci\u00f3n sostenida de nuestras escuelas en la<strong>\u00a0Liga Nacional de Rob\u00f3tica\u00a0<\/strong>demuestra el potencial de los<strong>\u00a0estudiantes chubutenses\u00a0<\/strong>y el valor del trabajo conjunto entre docentes, instituciones y Estado para construir una educaci\u00f3n con futuro\u201d, concluy\u00f3.<\/p>\n","protected":false},"excerpt":{"rendered":"<p>La delegaci\u00f3n provincial particip\u00f3 en la competencia realizada en Entre R\u00edos y alcanz\u00f3 destacadas posiciones en diversas categor\u00edas. El gobernador Torres los recibi\u00f3 en Casa de Gobierno y destac\u00f3 el compromiso y la creatividad de los j\u00f3venes y docentes. El gobernador del Chubut, Ignacio \u00abNacho\u00bb Torres, felicit\u00f3 a los\u00a0alumnos de siete instituciones educativas que representaron&#8230;<\/p>\n","protected":false},"author":4,"featured_media":433,"comment_status":"closed","ping_status":"closed","sticky":false,"template":"","format":"standard","meta":{"footnotes":""},"categories":[1],"tags":[],"class_list":["post-432","post","type-post","status-publish","format-standard","has-post-thumbnail","hentry","category-uncategorized"],"jetpack_featured_media_url":"https:\/\/radiofenix.com\/wp-content\/uploads\/2025\/11\/Robotica-1.webp","_links":{"self":[{"href":"https:\/\/radiofenix.com\/index.php\/wp-json\/wp\/v2\/posts\/432","targetHints":{"allow":["GET"]}}],"collection":[{"href":"https:\/\/radiofenix.com\/index.php\/wp-json\/wp\/v2\/posts"}],"about":[{"href":"https:\/\/radiofenix.com\/index.php\/wp-json\/wp\/v2\/types\/post"}],"author":[{"embeddable":true,"href":"https:\/\/radiofenix.com\/index.php\/wp-json\/wp\/v2\/users\/4"}],"replies":[{"embeddable":true,"href":"https:\/\/radiofenix.com\/index.php\/wp-json\/wp\/v2\/comments?post=432"}],"version-history":[{"count":1,"href":"https:\/\/radiofenix.com\/index.php\/wp-json\/wp\/v2\/posts\/432\/revisions"}],"predecessor-version":[{"id":437,"href":"https:\/\/radiofenix.com\/index.php\/wp-json\/wp\/v2\/posts\/432\/revisions\/437"}],"wp:featuredmedia":[{"embeddable":true,"href":"https:\/\/radiofenix.com\/index.php\/wp-json\/wp\/v2\/media\/433"}],"wp:attachment":[{"href":"https:\/\/radiofenix.com\/index.php\/wp-json\/wp\/v2\/media?parent=432"}],"wp:term":[{"taxonomy":"category","embeddable":true,"href":"https:\/\/radiofenix.com\/index.php\/wp-json\/wp\/v2\/categories?post=432"},{"taxonomy":"post_tag","embeddable":true,"href":"https:\/\/radiofenix.com\/index.php\/wp-json\/wp\/v2\/tags?post=432"}],"curies":[{"name":"wp","href":"https:\/\/api.w.org\/{rel}","templated":true}]}}