{"id":426,"date":"2025-11-07T16:07:09","date_gmt":"2025-11-07T19:07:09","guid":{"rendered":"https:\/\/radiofenix.com\/?p=426"},"modified":"2025-11-27T09:34:59","modified_gmt":"2025-11-27T12:34:59","slug":"tulipanes-cierre-de-temporada-con-lluvia-de-petalos-en-trevelin","status":"publish","type":"post","link":"https:\/\/radiofenix.com\/index.php\/2025\/11\/07\/tulipanes-cierre-de-temporada-con-lluvia-de-petalos-en-trevelin\/","title":{"rendered":"Tulipanes: cierre de temporada con lluvia de petalos en Trevelin"},"content":{"rendered":"<h5 class=\"article-deck\">Con m\u00fasica en vivo, danzas, feria de artesanos y artistas locales, Trevelin celebra este s\u00e1bado una nueva edici\u00f3n de la Fiesta de los Tulipanes, que culminar\u00e1 con la esperada lluvia de p\u00e9talos en la Plaza Coronel Fontana.<\/h5>\n<p>&nbsp;<\/p>\n<p>Con la llegada del<strong>\u00a0fin de la Temporada de Tulipanes,<\/strong>\u00a0Trevelin se prepara para vivir un fin de semana lleno de color, arte y tradici\u00f3n.\u00a0<strong>Este s\u00e1bado 8 de noviembre<\/strong>\u00a0se llevar\u00e1 a cabo la\u00a0<strong>5\u00aa edici\u00f3n de la Fiesta de los Tulipanes<\/strong>, un homenaje a la belleza natural y al trabajo que identifica a la comunidad.<\/p>\n<p>Vale se\u00f1alar que el viernes se realiz\u00f3 la esperada lluvia de p\u00e9talos sobre el cultivo, un cierre especial de la floraci\u00f3n en el Campo de Tulipanes que cada a\u00f1o atrae a cientos de visitantes para disfrutar del espect\u00e1culo de colores.<\/p>\n<p><img loading=\"lazy\" decoding=\"async\" class=\"alignnone size-medium wp-image-428\" src=\"https:\/\/radiofenix.com\/wp-content\/uploads\/2025\/11\/Tulipanes-lluvia-petalos-1-300x199.webp\" alt=\"\" width=\"300\" height=\"199\" srcset=\"https:\/\/radiofenix.com\/wp-content\/uploads\/2025\/11\/Tulipanes-lluvia-petalos-1-300x199.webp 300w, https:\/\/radiofenix.com\/wp-content\/uploads\/2025\/11\/Tulipanes-lluvia-petalos-1-1024x678.webp 1024w, https:\/\/radiofenix.com\/wp-content\/uploads\/2025\/11\/Tulipanes-lluvia-petalos-1-768x509.webp 768w, https:\/\/radiofenix.com\/wp-content\/uploads\/2025\/11\/Tulipanes-lluvia-petalos-1.webp 1087w\" sizes=\"auto, (max-width: 300px) 100vw, 300px\" \/><\/p>\n<p><strong>El s\u00e1bado ser\u00e1 el turno de la celebraci\u00f3n central en la<\/strong>\u00a0<strong>Plaza Coronel Fontana<\/strong>, donde desde las 16 horas comenzar\u00e1 la\u00a0<strong>Fiesta de los Tulipanes<\/strong>, con la participaci\u00f3n de artistas locales, feria de artesanos, m\u00fasica en vivo y la tradicional\u00a0<strong>lluvia de p\u00e9talos sobre la plaza<\/strong>, que marcar\u00e1 el cierre de la jornada.<\/p>\n<p>Durante el d\u00eda, los visitantes tambi\u00e9n podr\u00e1n recorrer los puestos de<strong>\u00a0emprendedores\u00a0<\/strong>y disfrutar de distintas\u00a0<strong>presentaciones art\u00edsticas programadas:<\/strong><\/p>\n<h3>\ud83d\udcc5 Cronograma<\/h3>\n<ul>\n<li>16:00 hs: Cwm Hyfryd<\/li>\n<li>16:10 hs: Pellu Weche<\/li>\n<li>16:20 hs: Set Danza \u2013 Escuela de arte<\/li>\n<li>16:30 hs: Colectividad boliviana<\/li>\n<li>16:40 hs: Ra\u00edces del Sur<\/li>\n<li>16:50 hs: Aires chilenos<\/li>\n<li>17:00 hs: Purrum piuke comercialero<\/li>\n<li>17:10 hs: Flow Latin Dance<\/li>\n<li>17:20 hs: Instituto de Danzas IDKA<\/li>\n<li>17:30 hs: Sentimiento chileno<\/li>\n<li>17:40 hs: Cwm Hyfryd<\/li>\n<li>Cierre: T\u00eda Mar\u00eda<\/li>\n<\/ul>\n<figure class=\"multimedia\" data-tadevel-template=\"web\/multimedia\" data-type=\"photo\">\n<div class=\"content\">\n<div class=\"sizer\" data-sizer=\"aspect-ratio\" data-tadevel-template=\"web\/aspect-ratio\"><img loading=\"lazy\" decoding=\"async\" class=\"alignnone size-medium wp-image-429\" src=\"https:\/\/radiofenix.com\/wp-content\/uploads\/2025\/11\/Tulipanes-240x300.webp\" alt=\"\" width=\"240\" height=\"300\" srcset=\"https:\/\/radiofenix.com\/wp-content\/uploads\/2025\/11\/Tulipanes-240x300.webp 240w, https:\/\/radiofenix.com\/wp-content\/uploads\/2025\/11\/Tulipanes.webp 577w\" sizes=\"auto, (max-width: 240px) 100vw, 240px\" \/><\/div>\n<\/div>\n<\/figure>\n","protected":false},"excerpt":{"rendered":"<p>Con m\u00fasica en vivo, danzas, feria de artesanos y artistas locales, Trevelin celebra este s\u00e1bado una nueva edici\u00f3n de la Fiesta de los Tulipanes, que culminar\u00e1 con la esperada lluvia de p\u00e9talos en la Plaza Coronel Fontana. &nbsp; Con la llegada del\u00a0fin de la Temporada de Tulipanes,\u00a0Trevelin se prepara para vivir un fin de semana&#8230;<\/p>\n","protected":false},"author":4,"featured_media":427,"comment_status":"closed","ping_status":"closed","sticky":false,"template":"","format":"standard","meta":{"footnotes":""},"categories":[1],"tags":[],"class_list":["post-426","post","type-post","status-publish","format-standard","has-post-thumbnail","hentry","category-uncategorized"],"jetpack_featured_media_url":"https:\/\/radiofenix.com\/wp-content\/uploads\/2025\/11\/Tulipanes-con-Avion.webp","_links":{"self":[{"href":"https:\/\/radiofenix.com\/index.php\/wp-json\/wp\/v2\/posts\/426","targetHints":{"allow":["GET"]}}],"collection":[{"href":"https:\/\/radiofenix.com\/index.php\/wp-json\/wp\/v2\/posts"}],"about":[{"href":"https:\/\/radiofenix.com\/index.php\/wp-json\/wp\/v2\/types\/post"}],"author":[{"embeddable":true,"href":"https:\/\/radiofenix.com\/index.php\/wp-json\/wp\/v2\/users\/4"}],"replies":[{"embeddable":true,"href":"https:\/\/radiofenix.com\/index.php\/wp-json\/wp\/v2\/comments?post=426"}],"version-history":[{"count":2,"href":"https:\/\/radiofenix.com\/index.php\/wp-json\/wp\/v2\/posts\/426\/revisions"}],"predecessor-version":[{"id":431,"href":"https:\/\/radiofenix.com\/index.php\/wp-json\/wp\/v2\/posts\/426\/revisions\/431"}],"wp:featuredmedia":[{"embeddable":true,"href":"https:\/\/radiofenix.com\/index.php\/wp-json\/wp\/v2\/media\/427"}],"wp:attachment":[{"href":"https:\/\/radiofenix.com\/index.php\/wp-json\/wp\/v2\/media?parent=426"}],"wp:term":[{"taxonomy":"category","embeddable":true,"href":"https:\/\/radiofenix.com\/index.php\/wp-json\/wp\/v2\/categories?post=426"},{"taxonomy":"post_tag","embeddable":true,"href":"https:\/\/radiofenix.com\/index.php\/wp-json\/wp\/v2\/tags?post=426"}],"curies":[{"name":"wp","href":"https:\/\/api.w.org\/{rel}","templated":true}]}}