{"id":404,"date":"2025-10-16T09:10:47","date_gmt":"2025-10-16T12:10:47","guid":{"rendered":"https:\/\/radiofenix.com\/?p=404"},"modified":"2025-11-19T16:06:19","modified_gmt":"2025-11-19T19:06:19","slug":"gran-actuacion-del-padel-esquelense-en-cordoba-campeonas-y-subcampeonas-nacionales","status":"publish","type":"post","link":"https:\/\/radiofenix.com\/index.php\/2025\/10\/16\/gran-actuacion-del-padel-esquelense-en-cordoba-campeonas-y-subcampeonas-nacionales\/","title":{"rendered":"Gran actuaci\u00f3n del p\u00e1del esquelense en C\u00f3rdoba: campeonas y subcampeonas nacionales"},"content":{"rendered":"<h4 class=\"article-deck\">Con m\u00e1s de 50 representantes, la delegaci\u00f3n chubutense tuvo un desempe\u00f1o sobresaliente en el Torneo Nacional de Ladies y Veteranos. Dana Roberts y Karin Bestene se consagraron campeonas, mientras que Paola Mauro y Manuela Guti\u00e9rrez fueron subcampeonas.<\/h4>\n<p>El p\u00e1del esquelense tuvo un fin de semana inolvidable en el\u00a0<strong>Torneo Nacional de Ladies y Veteranos<\/strong>, disputado en la ciudad de\u00a0<strong>C\u00f3rdoba<\/strong>\u00a0entre el\u00a0<strong>10 y el 13 de octubre<\/strong>, con la participaci\u00f3n de\u00a0<strong>652 jugadores de todo el pa\u00eds<\/strong>.<\/p>\n<p>La\u00a0<strong>Asociaci\u00f3n de P\u00e1del del Chubut (APACH)<\/strong>, con sede en Esquel, present\u00f3 una\u00a0<strong>delegaci\u00f3n r\u00e9cord de 26 parejas,\u00a0<\/strong>de los cuales\u00a0<strong>el 70% son esquelenses<\/strong>.<\/p>\n<p>Esta participaci\u00f3n marc\u00f3 un\u00a0<strong>hito hist\u00f3rico para la regi\u00f3n<\/strong>, reflejando el crecimiento sostenido de la disciplina en los \u00faltimos a\u00f1os.<\/p>\n<p>Los resultados acompa\u00f1aron el esfuerzo:\u00a0<strong>ocho parejas llegaron a octavos de final, seis a cuartos, tres a semifinales<\/strong>, y dos duplas locales alcanzaron el podio.<\/p>\n<p><img loading=\"lazy\" decoding=\"async\" class=\"alignnone size-medium wp-image-410\" src=\"https:\/\/radiofenix.com\/wp-content\/uploads\/2025\/10\/Padel-4-300x258.webp\" alt=\"\" width=\"300\" height=\"258\" srcset=\"https:\/\/radiofenix.com\/wp-content\/uploads\/2025\/10\/Padel-4-300x258.webp 300w, https:\/\/radiofenix.com\/wp-content\/uploads\/2025\/10\/Padel-4-768x661.webp 768w, https:\/\/radiofenix.com\/wp-content\/uploads\/2025\/10\/Padel-4.webp 837w\" sizes=\"auto, (max-width: 300px) 100vw, 300px\" \/><\/p>\n<p>Entre los logros m\u00e1s destacados,\u00a0<strong>Dana Roberts y Karin Bestene<\/strong>, representantes de Esquel, se\u00a0<strong>consagraron campeonas nacionales<\/strong>\u00a0en la categor\u00eda\u00a0<strong>Damas 4 +40<\/strong>, tras vencer con contundencia a\u00a0<strong>Yanina Eloicegui y Flavia Tieri<\/strong>, del Noroeste de Buenos Aires (APOB), por\u00a0<strong>6\/0 y 6\/1<\/strong>.<\/p>\n<p>Por su parte,\u00a0<strong>Paola Mauro y Manuela Guti\u00e9rrez<\/strong>\u00a0tambi\u00e9n dejaron en alto el nombre de Esquel al alcanzar el\u00a0<strong>subcampeonato nacional<\/strong>\u00a0en\u00a0<strong>Damas 4 +30<\/strong>, cayendo en una ajustada final ante\u00a0<strong>Macarena Abdeneve y Laura Burgstaller<\/strong>, de Santa Fe, por\u00a0<strong>6\/2, 2\/6 y 2\/6<\/strong>.<\/p>\n<p><img loading=\"lazy\" decoding=\"async\" class=\"alignnone size-medium wp-image-411\" src=\"https:\/\/radiofenix.com\/wp-content\/uploads\/2025\/10\/Padel-3-300x206.webp\" alt=\"\" width=\"300\" height=\"206\" srcset=\"https:\/\/radiofenix.com\/wp-content\/uploads\/2025\/10\/Padel-3-300x206.webp 300w, https:\/\/radiofenix.com\/wp-content\/uploads\/2025\/10\/Padel-3-1024x702.webp 1024w, https:\/\/radiofenix.com\/wp-content\/uploads\/2025\/10\/Padel-3-768x527.webp 768w, https:\/\/radiofenix.com\/wp-content\/uploads\/2025\/10\/Padel-3.webp 1050w\" sizes=\"auto, (max-width: 300px) 100vw, 300px\" \/><\/p>\n<div class=\"columns\" data-tadevel-template=\"web\/article-columns\">\n<div class=\"column-main\">\n<div class=\"article-body\" data-tadevel-template=\"web\/article-body\">\n<div class=\"article-body-content\">\n<p>Desde APACH destacaron el\u00a0<strong>nivel de competencia y el progreso del equipo respecto del a\u00f1o anterior<\/strong>, ya que varias parejas debutaban en nuevas categor\u00edas tras haber ascendido en el \u00faltimo torneo provincial.<\/p>\n<p>A pesar de las\u00a0<strong>exigentes condiciones clim\u00e1ticas<\/strong>\u00a0\u2014con altas temperaturas y una pelota que se comportaba de manera muy distinta al clima patag\u00f3nico\u2014, las y los representantes de Esquel\u00a0<strong>mostraron entrega, adaptaci\u00f3n y un nivel competitivo a la altura del torneo nacional<\/strong>.<\/p>\n<p><strong>El pr\u00f3ximo a\u00f1o, el Torneo Nacional de Ladies y Veteranos se disputar\u00e1 en la ciudad de Mar del Plata, en octubre<\/strong>, un nuevo desaf\u00edo en el horizonte para los jugadores y jugadoras de Esquel que siguen dejando su huella en cada competencia.<\/p>\n<\/div>\n<\/div>\n<\/div>\n<aside class=\"if-nsm column-aux\">\n<div data-tadevel-template=\"web\/article-aux\">\n<div class=\"article-aux-widget\">\n<p><a href=\"https:\/\/merakisur.com\/\" target=\"_blank\" rel=\"noopener nofollow\" aria-label=\"Publicidad\"><iframe title=\"Publicidad\" scrolling=\"no\" data-mce-fragment=\"1\"><\/iframe><\/a><\/p>\n<div><\/div>\n<p><iframe title=\"Publicidad\" scrolling=\"no\" data-mce-fragment=\"1\"><\/iframe><\/p>\n<\/div>\n<div class=\"article-aux-widget\">\n<div class=\"article-list\" data-length=\"5\" data-sort=\"-viewCount\" data-tadevel-template=\"web\/widget\/article-list\">\n<p>Las m\u00e1s le\u00eddas<\/p>\n<article>\n<div class=\"photo-wrapper\">\n<div class=\"sizer\" data-sizer=\"aspect-ratio\" data-tadevel-template=\"web\/aspect-ratio\">\n<div class=\"backdrop\" data-tadevel-template=\"web\/backdrop\"><img decoding=\"async\" class=\"img\" src=\"https:\/\/eqsnotas-app.tadevel-cdn.com\/hostname\/www.eqsnotas.com\/api\/v1\/resizer?asset=6916475d876faf8d1b83d533&amp;format=webp&amp;width=320&amp;height=180&amp;v=407f89422df988bf3527c34e1e4d68a4&amp;s=e5e9c96b137982db5f361a62ebfde3d7\" alt=\"Qued\u00f3 firme la condena contra el m\u00e9dico de Esquel que abus\u00f3 de una paciente durante una consulta\" data-tadevel-template=\"web\/img\" \/><\/div>\n<\/div>\n<\/div>\n<div class=\"detail\">\n<h2 class=\"title\">Qued\u00f3 firme la condena contra el m\u00e9dico de Esquel que abus\u00f3 de una paciente durante una consulta<\/h2>\n<\/div>\n<\/article>\n<article>\n<div class=\"photo-wrapper\">\n<div class=\"sizer\" data-sizer=\"aspect-ratio\" data-tadevel-template=\"web\/aspect-ratio\">\n<div class=\"backdrop\" data-tadevel-template=\"web\/backdrop\"><img decoding=\"async\" class=\"img\" src=\"https:\/\/eqsnotas-app.tadevel-cdn.com\/hostname\/www.eqsnotas.com\/api\/v1\/resizer?asset=691b08eb389f23b57f872b5a&amp;format=webp&amp;width=320&amp;height=180&amp;focuspoint=0.5219941348973607%2C0.5356793743890518&amp;v=5a815fcd49ba412d79c6f8146a41734f&amp;s=98ba16d1b3a8f4a2ae558ec2fdbe36f1\" alt=\"R\u00e1fagas intensas en Esquel: se volaron chapas y cay\u00f3 una gran rama en Plaza San Mart\u00edn\" data-tadevel-template=\"web\/img\" \/><\/div>\n<\/div>\n<\/div>\n<div class=\"detail\">\n<h2 class=\"title\">R\u00e1fagas intensas en Esquel: se volaron chapas y cay\u00f3 una gran rama en Plaza San Mart\u00edn<\/h2>\n<\/div>\n<\/article>\n<article>\n<div class=\"photo-wrapper\">\n<div class=\"sizer\" data-sizer=\"aspect-ratio\" data-tadevel-template=\"web\/aspect-ratio\">\n<div class=\"backdrop\" data-tadevel-template=\"web\/backdrop\"><img decoding=\"async\" class=\"img\" src=\"https:\/\/eqsnotas-app.tadevel-cdn.com\/hostname\/www.eqsnotas.com\/api\/v1\/resizer?asset=6919d2cd82abc2ac83e809d2&amp;format=webp&amp;width=320&amp;height=180&amp;v=aa17229faba6089d9ae2163c473c055b&amp;s=3465ce6b17bdb4586a8f4e1e19ade04d\" alt=\"Farmacias Patag\u00f3nicas celebra su remodelaci\u00f3n con un evento gratuito para toda la comunidad\" data-tadevel-template=\"web\/img\" \/><\/div>\n<\/div>\n<\/div>\n<div class=\"detail\">\n<h2 class=\"title\">Farmacias Patag\u00f3nicas celebra su remodelaci\u00f3n con un evento gratuito para toda la comunidad<\/h2>\n<\/div>\n<\/article>\n<article>\n<div class=\"photo-wrapper\">\n<div class=\"sizer\" data-sizer=\"aspect-ratio\" data-tadevel-template=\"web\/aspect-ratio\">\n<div class=\"backdrop\" data-tadevel-template=\"web\/backdrop\"><img decoding=\"async\" class=\"img\" src=\"https:\/\/eqsnotas-app.tadevel-cdn.com\/hostname\/www.eqsnotas.com\/api\/v1\/resizer?asset=6914e9da63676a7687245427&amp;format=webp&amp;width=320&amp;height=180&amp;focuspoint=0.5371474805734335%2C0.48315227398269195&amp;v=1d7be9a23c82613e0542ec42d64a706a&amp;s=9ae30d007ee6ef3ccd13859790d1b5e3\" alt=\"Sigue la b\u00fasqueda del hombre con p\u00e9rdida de memoria que desapareci\u00f3 en la ruta 17 camino a Tecka\" data-tadevel-template=\"web\/img\" \/><\/div>\n<\/div>\n<\/div>\n<div class=\"detail\">\n<h2 class=\"title\">Sigue la b\u00fasqueda del hombre con p\u00e9rdida de memoria que desapareci\u00f3 en la ruta 17 camino a Tecka<\/h2>\n<\/div>\n<\/article>\n<article>\n<div class=\"photo-wrapper\">\n<div class=\"sizer\" data-sizer=\"aspect-ratio\" data-tadevel-template=\"web\/aspect-ratio\">\n<div class=\"backdrop\" data-tadevel-template=\"web\/backdrop\"><img decoding=\"async\" class=\"img\" src=\"https:\/\/eqsnotas-app.tadevel-cdn.com\/hostname\/www.eqsnotas.com\/api\/v1\/resizer?asset=61cb8b39a20f091acf517789&amp;format=webp&amp;width=320&amp;height=180&amp;v=b28d18a715aede7302d0efbd385e00cb&amp;s=f7a6170b3a489254469294fbf82d6aee\" alt=\"Santiago Salinas QEPD\" data-tadevel-template=\"web\/img\" \/><\/div>\n<\/div>\n<\/div>\n<div class=\"detail\">\n<h2 class=\"title\">Santiago Salinas QEPD<\/h2>\n<\/div>\n<\/article>\n<\/div>\n<\/div>\n<div class=\"article-aux-widget\">\n<p><iframe title=\"Publicidad\" scrolling=\"no\" data-mce-fragment=\"1\"><\/iframe><a href=\"https:\/\/prensachubut.com\/\" target=\"_blank\" rel=\"noopener nofollow\" aria-label=\"Publicidad\"><iframe title=\"Publicidad\" scrolling=\"no\" data-mce-fragment=\"1\"><\/iframe><\/a><\/p>\n<div><\/div>\n<\/div>\n<div class=\"article-tags\" data-tadevel-template=\"web\/article-tags\">\n<p>Temas de esta nota<\/p>\n<div><a href=\"https:\/\/www.eqsnotas.com\/cordoba_t618ae4c7af2a990a6b1eb518\"><span class=\"tag\">C\u00f3rdoba<\/span><\/a><a href=\"https:\/\/www.eqsnotas.com\/historica_t67101b2b8f1b2c2e66eb011d\"><span class=\"tag\">Hist\u00f3rica<\/span><\/a><a href=\"https:\/\/www.eqsnotas.com\/padel_t624469e37e014e04757c82f7\"><span class=\"tag\">P\u00e1del<\/span><\/a><a href=\"https:\/\/www.eqsnotas.com\/esquel_t618ae328a8982106435783f3\"><span class=\"tag\">Esquel<\/span><\/a><a href=\"https:\/\/www.eqsnotas.com\/torneo-nacional_t643d4cd57f1b15a552130d6b\"><span class=\"tag\">torneo nacional<\/span><\/a><a href=\"https:\/\/www.eqsnotas.com\/apach_t63a37269c8e8f51d164115fb\"><span class=\"tag\">APACH<\/span><\/a><\/div>\n<\/div>\n<\/div>\n<\/aside>\n<\/div>\n","protected":false},"excerpt":{"rendered":"<p>Con m\u00e1s de 50 representantes, la delegaci\u00f3n chubutense tuvo un desempe\u00f1o sobresaliente en el Torneo Nacional de Ladies y Veteranos. Dana Roberts y Karin Bestene se consagraron campeonas, mientras que Paola Mauro y Manuela Guti\u00e9rrez fueron subcampeonas. El p\u00e1del esquelense tuvo un fin de semana inolvidable en el\u00a0Torneo Nacional de Ladies y Veteranos, disputado en&#8230;<\/p>\n","protected":false},"author":4,"featured_media":405,"comment_status":"closed","ping_status":"closed","sticky":false,"template":"","format":"standard","meta":{"footnotes":""},"categories":[1],"tags":[],"class_list":["post-404","post","type-post","status-publish","format-standard","has-post-thumbnail","hentry","category-uncategorized"],"jetpack_featured_media_url":"https:\/\/radiofenix.com\/wp-content\/uploads\/2025\/11\/Padel-esquel.webp","_links":{"self":[{"href":"https:\/\/radiofenix.com\/index.php\/wp-json\/wp\/v2\/posts\/404","targetHints":{"allow":["GET"]}}],"collection":[{"href":"https:\/\/radiofenix.com\/index.php\/wp-json\/wp\/v2\/posts"}],"about":[{"href":"https:\/\/radiofenix.com\/index.php\/wp-json\/wp\/v2\/types\/post"}],"author":[{"embeddable":true,"href":"https:\/\/radiofenix.com\/index.php\/wp-json\/wp\/v2\/users\/4"}],"replies":[{"embeddable":true,"href":"https:\/\/radiofenix.com\/index.php\/wp-json\/wp\/v2\/comments?post=404"}],"version-history":[{"count":2,"href":"https:\/\/radiofenix.com\/index.php\/wp-json\/wp\/v2\/posts\/404\/revisions"}],"predecessor-version":[{"id":412,"href":"https:\/\/radiofenix.com\/index.php\/wp-json\/wp\/v2\/posts\/404\/revisions\/412"}],"wp:featuredmedia":[{"embeddable":true,"href":"https:\/\/radiofenix.com\/index.php\/wp-json\/wp\/v2\/media\/405"}],"wp:attachment":[{"href":"https:\/\/radiofenix.com\/index.php\/wp-json\/wp\/v2\/media?parent=404"}],"wp:term":[{"taxonomy":"category","embeddable":true,"href":"https:\/\/radiofenix.com\/index.php\/wp-json\/wp\/v2\/categories?post=404"},{"taxonomy":"post_tag","embeddable":true,"href":"https:\/\/radiofenix.com\/index.php\/wp-json\/wp\/v2\/tags?post=404"}],"curies":[{"name":"wp","href":"https:\/\/api.w.org\/{rel}","templated":true}]}}