{"id":397,"date":"2025-10-03T07:29:06","date_gmt":"2025-10-03T10:29:06","guid":{"rendered":"https:\/\/radiofenix.com\/?p=397"},"modified":"2025-11-18T09:37:32","modified_gmt":"2025-11-18T12:37:32","slug":"expo-deportes-2025-esquel-sera-sede","status":"publish","type":"post","link":"https:\/\/radiofenix.com\/index.php\/2025\/10\/03\/expo-deportes-2025-esquel-sera-sede\/","title":{"rendered":"Expo Deportes 2025. Esquel ser\u00e1 sede."},"content":{"rendered":"<h4>Una semana de cl\u00ednicas, partidos y capacitaciones.<\/h4>\n<p class=\"article-deck\">El evento, organizado por la Municipalidad, se desarrollar\u00e1 del 6 al 12 de octubre con actividades gratuitas que incluyen boxeo, v\u00f3ley, equitaci\u00f3n, arquer\u00eda, f\u00fatbol, polo y m\u00e1s. Adem\u00e1s, habr\u00e1 charlas y una gran muestra con clubes, asociaciones y emprendedores del \u00e1mbito deportivo.<\/p>\n<p>La Municipalidad de Esquel present\u00f3 oficialmente la\u00a0<strong>Expo Deportes 2025<\/strong>, un evento que se desarrollar\u00e1 del<strong>\u00a06 al 12 de octubre<\/strong>\u00a0con el objetivo de celebrar y promover el deporte local y regional. Organizada por la Subsecretar\u00eda de Deportes, la propuesta incluir\u00e1\u00a0<strong>capacitaciones, cl\u00ednicas, partidos de nivel nacional y una gran muestra final<\/strong>\u00a0con clubes, asociaciones, ligas y emprendedores vinculados al sector.<\/p>\n<p>El intendente\u00a0<strong>Mat\u00edas Taccetta<\/strong>\u00a0destac\u00f3 que la iniciativa consolida a la ciudad como referente en el turismo deportivo:\u00a0<i>\u201cPara nosotros la base de la sociedad est\u00e1 en la educaci\u00f3n, en el deporte y en la cultura. Nos hemos posicionado como una ciudad de eventos y eso es lo que promociona a Esquel como destino\u201d<\/i>, se\u00f1al\u00f3.<\/p>\n<p>Por su parte, el subsecretario de Deportes,\u00a0<strong>Hern\u00e1n Maciel<\/strong>, subray\u00f3 que la Expo es una propuesta in\u00e9dita<\/p>\n","protected":false},"excerpt":{"rendered":"<p>Una semana de cl\u00ednicas, partidos y capacitaciones. El evento, organizado por la Municipalidad, se desarrollar\u00e1 del 6 al 12 de octubre con actividades gratuitas que incluyen boxeo, v\u00f3ley, equitaci\u00f3n, arquer\u00eda, f\u00fatbol, polo y m\u00e1s. Adem\u00e1s, habr\u00e1 charlas y una gran muestra con clubes, asociaciones y emprendedores del \u00e1mbito deportivo. La Municipalidad de Esquel present\u00f3 oficialmente&#8230;<\/p>\n","protected":false},"author":4,"featured_media":0,"comment_status":"closed","ping_status":"closed","sticky":false,"template":"","format":"standard","meta":{"footnotes":""},"categories":[1],"tags":[],"class_list":["post-397","post","type-post","status-publish","format-standard","hentry","category-uncategorized"],"jetpack_featured_media_url":"","_links":{"self":[{"href":"https:\/\/radiofenix.com\/index.php\/wp-json\/wp\/v2\/posts\/397","targetHints":{"allow":["GET"]}}],"collection":[{"href":"https:\/\/radiofenix.com\/index.php\/wp-json\/wp\/v2\/posts"}],"about":[{"href":"https:\/\/radiofenix.com\/index.php\/wp-json\/wp\/v2\/types\/post"}],"author":[{"embeddable":true,"href":"https:\/\/radiofenix.com\/index.php\/wp-json\/wp\/v2\/users\/4"}],"replies":[{"embeddable":true,"href":"https:\/\/radiofenix.com\/index.php\/wp-json\/wp\/v2\/comments?post=397"}],"version-history":[{"count":2,"href":"https:\/\/radiofenix.com\/index.php\/wp-json\/wp\/v2\/posts\/397\/revisions"}],"predecessor-version":[{"id":400,"href":"https:\/\/radiofenix.com\/index.php\/wp-json\/wp\/v2\/posts\/397\/revisions\/400"}],"wp:attachment":[{"href":"https:\/\/radiofenix.com\/index.php\/wp-json\/wp\/v2\/media?parent=397"}],"wp:term":[{"taxonomy":"category","embeddable":true,"href":"https:\/\/radiofenix.com\/index.php\/wp-json\/wp\/v2\/categories?post=397"},{"taxonomy":"post_tag","embeddable":true,"href":"https:\/\/radiofenix.com\/index.php\/wp-json\/wp\/v2\/tags?post=397"}],"curies":[{"name":"wp","href":"https:\/\/api.w.org\/{rel}","templated":true}]}}