{"id":375,"date":"2025-09-28T08:19:32","date_gmt":"2025-09-28T11:19:32","guid":{"rendered":"https:\/\/radiofenix.com\/?p=375"},"modified":"2025-10-02T10:35:36","modified_gmt":"2025-10-02T13:35:36","slug":"repavimentacion-en-marcha-la-obra-que-atravesara-esquel-y-trevelin","status":"publish","type":"post","link":"https:\/\/radiofenix.com\/index.php\/2025\/09\/28\/repavimentacion-en-marcha-la-obra-que-atravesara-esquel-y-trevelin\/","title":{"rendered":"Repavimentaci\u00f3n en marcha: la obra que atravesar\u00e1 Esquel y Trevelin"},"content":{"rendered":"<h5 class=\"article-deck\">Con la firma del acta de inicio de obra de la Malla N\u00b0 632, que comprende trabajos sobre la Ruta 40 desde la Estancia La Paulina hasta Trevelin, comienzan una serie de obras esperadas . Desde Infraestructura confirmaron que se gestiona la incorporaci\u00f3n de nuevos corredores viales.<\/h5>\n<p>El secretario de Infraestructura de Chubut,\u00a0<strong>Hern\u00e1n T\u00f3rtola<\/strong>, brind\u00f3 detalles sobre el avance de la obra incluida en la\u00a0<strong>Malla 632<\/strong>, que comprende trabajos de repavimentaci\u00f3n sobre la\u00a0<strong>Ruta Nacional 40, desde Estancia La Paulina hasta el acceso a Esquel<\/strong>, y sobre la\u00a0<strong>Ruta 259<\/strong>, entre Esquel y Trevelin.<\/p>\n<p>Adem\u00e1s, adelant\u00f3 gestiones que se est\u00e1n llevando adelante con Naci\u00f3n para\u00a0<strong>ampliar el canje de deuda por obras<\/strong>\u00a0a otros tramos estrat\u00e9gicos, como la\u00a0<strong>Ruta 25 que une costa y cordillera en Chubut<\/strong>\u00a0y la\u00a0<strong>Ruta 40 en direcci\u00f3n a El Bols\u00f3n<\/strong>.<\/p>\n<p>El funcionario explic\u00f3 que ya se firm\u00f3 el\u00a0<strong>acta de inicio de obra<\/strong>\u00a0con la empresa\u00a0<strong>Rigel<\/strong>, una de las firmas que conforma la\u00a0<strong>UTE Rigel\u2013Sapag<\/strong>, ganadora de la licitaci\u00f3n nacional realizada en 2023.<\/p>\n<p>El contrato hab\u00eda sido adjudicado por Vialidad Nacional y recientemente fue\u00a0<strong>cedido a la Provincia para su ejecuci\u00f3n<\/strong>, en el marco del nuevo esquema de compensaci\u00f3n de deuda con el Gobierno nacional.<\/p>\n<p><img loading=\"lazy\" decoding=\"async\" class=\"alignnone size-medium wp-image-377\" src=\"https:\/\/radiofenix.com\/wp-content\/uploads\/2025\/10\/ruta2-300x168.webp\" alt=\"\" width=\"300\" height=\"168\" srcset=\"https:\/\/radiofenix.com\/wp-content\/uploads\/2025\/10\/ruta2-300x168.webp 300w, https:\/\/radiofenix.com\/wp-content\/uploads\/2025\/10\/ruta2.webp 640w\" sizes=\"auto, (max-width: 300px) 100vw, 300px\" \/><\/p>\n<p>&nbsp;<\/p>\n<p>La inversi\u00f3n prevista para esta etapa supera los\u00a0<strong>$52.000 millones<\/strong>\u00a0y tiene un plazo de ejecuci\u00f3n de\u00a0<strong>cinco a\u00f1os<\/strong>.<\/p>\n<p><strong>Los trabajos comprenden:<\/strong><\/p>\n<figure class=\"table\">\n<table>\n<thead>\n<tr>\n<th>Tramo<\/th>\n<th>Detalles<\/th>\n<\/tr>\n<\/thead>\n<tbody>\n<tr>\n<td>Ruta 40<\/td>\n<td>Entre Estancia La Paulina y el empalme con la Ruta 259<\/td>\n<\/tr>\n<tr>\n<td>Ruta 40 (continuaci\u00f3n)<\/td>\n<td>Desde el empalme con la Ruta 259 hasta Trevelin<\/td>\n<\/tr>\n<tr>\n<td>Sector urbano &#8211; Esquel<\/td>\n<td>Avenida Ameghino<\/td>\n<\/tr>\n<tr>\n<td>Sector urbano &#8211; Trevelin<\/td>\n<td>Avenida San Mart\u00edn<\/td>\n<\/tr>\n<\/tbody>\n<\/table>\n<\/figure>\n<p>Desde el Gobierno provincial destacaron que se trata de una obra que, adem\u00e1s de mejorar la conectividad vial en la regi\u00f3n,\u00a0<strong>movilizar\u00e1 la econom\u00eda local<\/strong>\u00a0al generar\u00a0<strong>mano de obra directa<\/strong>\u00a0e incentivar el comercio en localidades como Esquel, Trevelin y Tecka.<\/p>\n","protected":false},"excerpt":{"rendered":"<p>Con la firma del acta de inicio de obra de la Malla N\u00b0 632, que comprende trabajos sobre la Ruta 40 desde la Estancia La Paulina hasta Trevelin, comienzan una serie de obras esperadas . Desde Infraestructura confirmaron que se gestiona la incorporaci\u00f3n de nuevos corredores viales. El secretario de Infraestructura de Chubut,\u00a0Hern\u00e1n T\u00f3rtola, brind\u00f3&#8230;<\/p>\n","protected":false},"author":4,"featured_media":376,"comment_status":"closed","ping_status":"closed","sticky":false,"template":"","format":"standard","meta":{"footnotes":""},"categories":[1],"tags":[],"class_list":["post-375","post","type-post","status-publish","format-standard","has-post-thumbnail","hentry","category-uncategorized"],"jetpack_featured_media_url":"https:\/\/radiofenix.com\/wp-content\/uploads\/2025\/10\/Ruta-1.webp","_links":{"self":[{"href":"https:\/\/radiofenix.com\/index.php\/wp-json\/wp\/v2\/posts\/375","targetHints":{"allow":["GET"]}}],"collection":[{"href":"https:\/\/radiofenix.com\/index.php\/wp-json\/wp\/v2\/posts"}],"about":[{"href":"https:\/\/radiofenix.com\/index.php\/wp-json\/wp\/v2\/types\/post"}],"author":[{"embeddable":true,"href":"https:\/\/radiofenix.com\/index.php\/wp-json\/wp\/v2\/users\/4"}],"replies":[{"embeddable":true,"href":"https:\/\/radiofenix.com\/index.php\/wp-json\/wp\/v2\/comments?post=375"}],"version-history":[{"count":1,"href":"https:\/\/radiofenix.com\/index.php\/wp-json\/wp\/v2\/posts\/375\/revisions"}],"predecessor-version":[{"id":378,"href":"https:\/\/radiofenix.com\/index.php\/wp-json\/wp\/v2\/posts\/375\/revisions\/378"}],"wp:featuredmedia":[{"embeddable":true,"href":"https:\/\/radiofenix.com\/index.php\/wp-json\/wp\/v2\/media\/376"}],"wp:attachment":[{"href":"https:\/\/radiofenix.com\/index.php\/wp-json\/wp\/v2\/media?parent=375"}],"wp:term":[{"taxonomy":"category","embeddable":true,"href":"https:\/\/radiofenix.com\/index.php\/wp-json\/wp\/v2\/categories?post=375"},{"taxonomy":"post_tag","embeddable":true,"href":"https:\/\/radiofenix.com\/index.php\/wp-json\/wp\/v2\/tags?post=375"}],"curies":[{"name":"wp","href":"https:\/\/api.w.org\/{rel}","templated":true}]}}