{"id":370,"date":"2025-09-25T10:17:09","date_gmt":"2025-09-25T13:17:09","guid":{"rendered":"https:\/\/radiofenix.com\/?p=370"},"modified":"2025-10-02T10:29:00","modified_gmt":"2025-10-02T13:29:00","slug":"trevelin-temporada-de-turismo-primavera-2025","status":"publish","type":"post","link":"https:\/\/radiofenix.com\/index.php\/2025\/09\/25\/trevelin-temporada-de-turismo-primavera-2025\/","title":{"rendered":"Trevelin: Temporada de Turismo Primavera 2025"},"content":{"rendered":"<h5 class=\"article-deck\">El acto fue encabezado por el intendente H\u00e9ctor Ingram; la secretaria de Turismo de la Municipalidad de Trevelin y sus Parajes, Cintia Figueroa; y prestadores que integran el grupo de agroturismo de Los Cipreses.<\/h5>\n<p>El complejo\u00a0<strong>\u201cR\u00edo al L\u00edmite\u201d<\/strong>, ubicado a orillas del r\u00edo Futaleuf\u00fa, fue escenario del lanzamiento de la temporada de\u00a0<strong>Turismo Primavera 2025<\/strong>, que fue encabezada por el intendente H\u00e9ctor Ingram, la secretaria de Turismo de la Municipalidad de Trevelin y sus Parajes, Cintia Figueroa, junto a prestadores que integran el grupo de\u00a0<strong>Agroturismo de Los Cipreses<\/strong>.<\/p>\n<p>En este marco, Figueroa destac\u00f3 la labor de ese grupo, a quienes se\u00f1al\u00f3 como \u201clos verdaderos protagonistas: anfitriones que, con dedicaci\u00f3n, esfuerzo y amor por su tierra, reciben tanto a visitantes como a vecinos. Han sabido mostrar que el agroturismo tambi\u00e9n es una forma de valorar la producci\u00f3n local, de abrir las tranqueras, de compartir saberes y de invitar a vivir experiencias aut\u00e9nticas\u201d.<\/p>\n<p><img loading=\"lazy\" decoding=\"async\" class=\"alignnone size-medium wp-image-372\" src=\"https:\/\/radiofenix.com\/wp-content\/uploads\/2025\/10\/Los-Cipreses-turismo-2-300x225.webp\" alt=\"\" width=\"300\" height=\"225\" srcset=\"https:\/\/radiofenix.com\/wp-content\/uploads\/2025\/10\/Los-Cipreses-turismo-2-300x225.webp 300w, https:\/\/radiofenix.com\/wp-content\/uploads\/2025\/10\/Los-Cipreses-turismo-2-768x576.webp 768w, https:\/\/radiofenix.com\/wp-content\/uploads\/2025\/10\/Los-Cipreses-turismo-2.webp 960w\" sizes=\"auto, (max-width: 300px) 100vw, 300px\" \/><\/p>\n<p>\u201cNo est\u00e1n solos. En la Secretar\u00eda de Turismo y el municipio todos tienen un equipo que los acompa\u00f1a\u201d, dijo la funcionaria dirigi\u00e9ndose a los prestadores presentes. \u201cAbrazamos cada nueva iniciativa, promovemos el trabajo en conjunto y acompa\u00f1amos a todos los emprendimientos que deciden apostar al crecimiento colectivo\u201d, a\u00f1adi\u00f3.<\/p>\n<p>Finalmente, Figueroa valor\u00f3 \u201cuna gesti\u00f3n iniciada por mi antecesor, Juan Manuel Peralta: desde este mes Los Cipreses cuenta con un servicio de informes tur\u00edsticos con\u00a0<strong>dos personas que trabajan para recibir y orientar<\/strong>\u00a0a quienes llegan a este hermoso lugar, que es la puerta de entrada para los visitantes que llegan desde Chile\u201d.<\/p>\n","protected":false},"excerpt":{"rendered":"<p>El acto fue encabezado por el intendente H\u00e9ctor Ingram; la secretaria de Turismo de la Municipalidad de Trevelin y sus Parajes, Cintia Figueroa; y prestadores que integran el grupo de agroturismo de Los Cipreses. El complejo\u00a0\u201cR\u00edo al L\u00edmite\u201d, ubicado a orillas del r\u00edo Futaleuf\u00fa, fue escenario del lanzamiento de la temporada de\u00a0Turismo Primavera 2025, que&#8230;<\/p>\n","protected":false},"author":4,"featured_media":371,"comment_status":"closed","ping_status":"closed","sticky":false,"template":"","format":"standard","meta":{"footnotes":""},"categories":[1],"tags":[],"class_list":["post-370","post","type-post","status-publish","format-standard","has-post-thumbnail","hentry","category-uncategorized"],"jetpack_featured_media_url":"https:\/\/radiofenix.com\/wp-content\/uploads\/2025\/10\/Los-Cipreses-turismo-1.webp","_links":{"self":[{"href":"https:\/\/radiofenix.com\/index.php\/wp-json\/wp\/v2\/posts\/370","targetHints":{"allow":["GET"]}}],"collection":[{"href":"https:\/\/radiofenix.com\/index.php\/wp-json\/wp\/v2\/posts"}],"about":[{"href":"https:\/\/radiofenix.com\/index.php\/wp-json\/wp\/v2\/types\/post"}],"author":[{"embeddable":true,"href":"https:\/\/radiofenix.com\/index.php\/wp-json\/wp\/v2\/users\/4"}],"replies":[{"embeddable":true,"href":"https:\/\/radiofenix.com\/index.php\/wp-json\/wp\/v2\/comments?post=370"}],"version-history":[{"count":2,"href":"https:\/\/radiofenix.com\/index.php\/wp-json\/wp\/v2\/posts\/370\/revisions"}],"predecessor-version":[{"id":374,"href":"https:\/\/radiofenix.com\/index.php\/wp-json\/wp\/v2\/posts\/370\/revisions\/374"}],"wp:featuredmedia":[{"embeddable":true,"href":"https:\/\/radiofenix.com\/index.php\/wp-json\/wp\/v2\/media\/371"}],"wp:attachment":[{"href":"https:\/\/radiofenix.com\/index.php\/wp-json\/wp\/v2\/media?parent=370"}],"wp:term":[{"taxonomy":"category","embeddable":true,"href":"https:\/\/radiofenix.com\/index.php\/wp-json\/wp\/v2\/categories?post=370"},{"taxonomy":"post_tag","embeddable":true,"href":"https:\/\/radiofenix.com\/index.php\/wp-json\/wp\/v2\/tags?post=370"}],"curies":[{"name":"wp","href":"https:\/\/api.w.org\/{rel}","templated":true}]}}