{"id":361,"date":"2025-09-06T17:48:25","date_gmt":"2025-09-06T20:48:25","guid":{"rendered":"https:\/\/radiofenix.com\/?p=361"},"modified":"2025-10-01T11:36:41","modified_gmt":"2025-10-01T14:36:41","slug":"aviones-para-el-combate-de-incendios-forestales","status":"publish","type":"post","link":"https:\/\/radiofenix.com\/index.php\/2025\/09\/06\/aviones-para-el-combate-de-incendios-forestales\/","title":{"rendered":"Aviones para el combate de incendios forestales"},"content":{"rendered":"<h5>Chubut, Rio Negro y Neuqu\u00e9n har\u00e1n una licitaci\u00f3n conjunta para contratar aviones que ayuden en el combate de incendios forestales de la pr\u00f3xima temporada estival.<\/h5>\n<h5 class=\"article-deck\">El gobernador Ignacio Torres destac\u00f3 que la iniciativa permitir\u00e1 a la regi\u00f3n contar con aviones propios para la prevenci\u00f3n y el combate de incendios forestales, de manera complementaria a los equipos nacionales.<\/h5>\n<p>Durante un acto oficial en El Hoyo,\u00a0<strong>el gobernador Ignacio Torres<\/strong>\u00a0anunci\u00f3 que, por primera vez, Chubut realizar\u00e1 junto a las provincias de R\u00edo Negro y Neuqu\u00e9n\u00a0<strong>una licitaci\u00f3n conjunta<\/strong>\u00a0para adquirir\u00a0<strong>aviones\u00a0<\/strong>destinados al\u00a0<strong>combate de incendios forestales<\/strong>\u00a0en la regi\u00f3n.<\/p>\n<p>\u201cIndependientemente del trabajo del Servicio Nacional de Manejo del Fuego, vamos a aprovechar la nueva sede de la Brigada que inauguraremos en poco tiempo, y desde all\u00ed conformaremos un comando conjunto para anticiparnos y combatir el fuego este verano\u201d, se\u00f1al\u00f3 el mandatario.<\/p>\n<p>Torres remarc\u00f3 que el objetivo es\u00a0<strong>no depender exclusivamente\u00a0<\/strong>de la asistencia del Gobierno Nacional:No podemos estar sujetos a la decisi\u00f3n de turno sobre si ayudan o no a esta regi\u00f3n. Por eso, las provincias nos hermanamos y acordamos licitar\u00a0<strong>nuestros propios equipos a\u00e9reos<\/strong> de prevenci\u00f3n, que ser\u00e1n complementarios a los nacionales:No podemos estar sujetos a la decisi\u00f3n de turno sobre si ayudan o no a esta regi\u00f3n. Por eso, las provincias nos hermanamos y acordamos licitar\u00a0<strong>nuestros propios equipos a\u00e9reos<\/strong>\u00a0de prevenci\u00f3n, que ser\u00e1n complementarios a los nacionales<\/p>\n","protected":false},"excerpt":{"rendered":"<p>Chubut, Rio Negro y Neuqu\u00e9n har\u00e1n una licitaci\u00f3n conjunta para contratar aviones que ayuden en el combate de incendios forestales de la pr\u00f3xima temporada estival. El gobernador Ignacio Torres destac\u00f3 que la iniciativa permitir\u00e1 a la regi\u00f3n contar con aviones propios para la prevenci\u00f3n y el combate de incendios forestales, de manera complementaria a los&#8230;<\/p>\n","protected":false},"author":4,"featured_media":362,"comment_status":"closed","ping_status":"closed","sticky":false,"template":"","format":"standard","meta":{"footnotes":""},"categories":[1],"tags":[],"class_list":["post-361","post","type-post","status-publish","format-standard","has-post-thumbnail","hentry","category-uncategorized"],"jetpack_featured_media_url":"https:\/\/radiofenix.com\/wp-content\/uploads\/2025\/10\/Avion-incendios-forestales.webp","_links":{"self":[{"href":"https:\/\/radiofenix.com\/index.php\/wp-json\/wp\/v2\/posts\/361","targetHints":{"allow":["GET"]}}],"collection":[{"href":"https:\/\/radiofenix.com\/index.php\/wp-json\/wp\/v2\/posts"}],"about":[{"href":"https:\/\/radiofenix.com\/index.php\/wp-json\/wp\/v2\/types\/post"}],"author":[{"embeddable":true,"href":"https:\/\/radiofenix.com\/index.php\/wp-json\/wp\/v2\/users\/4"}],"replies":[{"embeddable":true,"href":"https:\/\/radiofenix.com\/index.php\/wp-json\/wp\/v2\/comments?post=361"}],"version-history":[{"count":3,"href":"https:\/\/radiofenix.com\/index.php\/wp-json\/wp\/v2\/posts\/361\/revisions"}],"predecessor-version":[{"id":365,"href":"https:\/\/radiofenix.com\/index.php\/wp-json\/wp\/v2\/posts\/361\/revisions\/365"}],"wp:featuredmedia":[{"embeddable":true,"href":"https:\/\/radiofenix.com\/index.php\/wp-json\/wp\/v2\/media\/362"}],"wp:attachment":[{"href":"https:\/\/radiofenix.com\/index.php\/wp-json\/wp\/v2\/media?parent=361"}],"wp:term":[{"taxonomy":"category","embeddable":true,"href":"https:\/\/radiofenix.com\/index.php\/wp-json\/wp\/v2\/categories?post=361"},{"taxonomy":"post_tag","embeddable":true,"href":"https:\/\/radiofenix.com\/index.php\/wp-json\/wp\/v2\/tags?post=361"}],"curies":[{"name":"wp","href":"https:\/\/api.w.org\/{rel}","templated":true}]}}