{"id":351,"date":"2025-08-25T11:09:13","date_gmt":"2025-08-25T14:09:13","guid":{"rendered":"https:\/\/radiofenix.com\/?p=351"},"modified":"2025-09-24T17:09:52","modified_gmt":"2025-09-24T20:09:52","slug":"ya-esta-en-funcionamiento-la-nueva-sala-de-dialisis-del-hospital-zonal-esquel","status":"publish","type":"post","link":"https:\/\/radiofenix.com\/index.php\/2025\/08\/25\/ya-esta-en-funcionamiento-la-nueva-sala-de-dialisis-del-hospital-zonal-esquel\/","title":{"rendered":"Ya est\u00e1 en funcionamiento la nueva sala de di\u00e1lisis del Hospital Zonal Esquel"},"content":{"rendered":"<div dir=\"auto\"><\/div>\n<div dir=\"auto\"><\/div>\n<div dir=\"auto\"><strong>El gobernador Torres destac\u00f3 que ya est\u00e1 en funcionamiento la nueva sala de di\u00e1lisis del Hospital Zonal Esquel<\/strong><\/div>\n<div dir=\"auto\"><\/div>\n<div dir=\"auto\"><em>El titular del Ejecutivo provincial estuvo presente en las instalaciones del nosocomio cordillerano, en el marco de una amplia agenda que viene llevando adelante en toda la provincia, y destac\u00f3 la puesta en funcionamiento de la sala de hemodi\u00e1lisis. El nuevo espacio cuenta con tres equipos de \u00faltima generaci\u00f3n que permitir\u00e1n ampliar la cobertura sanitaria en la localidad.<\/em><\/div>\n<div dir=\"auto\"><\/div>\n<div dir=\"auto\">El gobernador del Chubut, Ignacio \u201cNacho\u201d Torres, recorri\u00f3 este domingo por la tarde las instalaciones del Hospital Zonal de Esquel, donde recientemente se llev\u00f3 adelante la renovaci\u00f3n completa del sector de hemodi\u00e1lisis, con la incorporaci\u00f3n de una sala equipada con tres m\u00e1quinas nuevas que permitir\u00e1n ampliar la cobertura sanitaria y dar respuesta a la demanda de un creciente n\u00famero de pacientes que dependen exclusivamente del sistema p\u00fablico de salud.<\/div>\n<div dir=\"auto\"><\/div>\n<div dir=\"auto\">En esta ocasi\u00f3n, Torres estuvo acompa\u00f1ado por el vicegobernador Gustavo Menna, la diputada nacional Ana Clara Romero y el intendente de Esquel, Mat\u00edas Taccetta. Fueron recibidos en el nosocomio por la subsecretaria de Salud, Anabel Pena; el director general del establecimiento, Carlos Winter; la directora asociada m\u00e9dica, Adriana Torres; la directora administrativa, Paula Oriol; la jefa de Servicios T\u00e9cnicos y Complementarios, Gabriela Barla; y la m\u00e9dica nefr\u00f3loga responsable del nuevo espacio, Natalia Matamala.<\/div>\n<div dir=\"auto\"><\/div>\n<div dir=\"auto\">Durante la recorrida, el mandatario provincial y las autoridades del hospital supervisaron los trabajos realizados y dialogaron con profesionales del \u00e1rea, quienes destacaron la importancia de poder contar con un espacio de estas caracter\u00edsticas en la regi\u00f3n, en el marco de un acuerdo colaborativo llevado adelante entre el nosocomio cordillerano y Storing Medical SRL.<\/div>\n<div dir=\"auto\"><\/div>\n<div dir=\"auto\">En ese marco, el mandatario provincial subray\u00f3 que \u201cen Chubut estamos llevando adelante un proceso hist\u00f3rico de fortalecimiento de la salud p\u00fablica\u201d, y a\u00f1adi\u00f3: \u201cCada nueva sala que inauguramos, cada obra que encaramos y cada recurso que sumamos al sistema apunta a garantizar una salud de calidad en cada localidad de la provincia, igualdad de oportunidades y un sistema sanitario m\u00e1s cercano y eficiente para quienes m\u00e1s lo necesitan\u201d.<\/div>\n<div dir=\"auto\"><\/div>\n<div dir=\"auto\">El nuevo espacio de hemodi\u00e1lisis se suma al plan de inversiones en infraestructura y equipamiento que el Gobierno provincial viene ejecutando en distintos hospitales y centros de salud a lo largo del territorio, entre ellas la propia obra de ampliaci\u00f3n del Hospital Zonal de Esquel, con el objetivo de garantizar una atenci\u00f3n sanitaria de calidad y accesible en todas las localidades de la provincia.<\/div>\n<div dir=\"auto\"><\/div>\n<div dir=\"auto\">\u201cDesde el primer d\u00eda de gesti\u00f3n asumimos el compromiso de fortalecer la salud p\u00fablica en toda la provincia, sabiendo que, en un momento tan dif\u00edcil como el que atravesamos actualmente en todo el pa\u00eds, hoy m\u00e1s que nunca resulta necesario garantizar igualdad de oportunidades\u201d, asegur\u00f3 Torres, concluyendo que: \u201cEstamos dejando atr\u00e1s a\u00f1os de abandono y construyendo un sistema de salud moderno, cercano y con equipamiento a la altura de lo que merecen los vecinos de toda la provincia\u201d.<\/div>\n","protected":false},"excerpt":{"rendered":"<p>El gobernador Torres destac\u00f3 que ya est\u00e1 en funcionamiento la nueva sala de di\u00e1lisis del Hospital Zonal Esquel El titular del Ejecutivo provincial estuvo presente en las instalaciones del nosocomio cordillerano, en el marco de una amplia agenda que viene llevando adelante en toda la provincia, y destac\u00f3 la puesta en funcionamiento de la sala&#8230;<\/p>\n","protected":false},"author":4,"featured_media":355,"comment_status":"closed","ping_status":"closed","sticky":false,"template":"","format":"standard","meta":{"footnotes":""},"categories":[1],"tags":[],"class_list":["post-351","post","type-post","status-publish","format-standard","has-post-thumbnail","hentry","category-uncategorized"],"jetpack_featured_media_url":"https:\/\/radiofenix.com\/wp-content\/uploads\/2025\/09\/IMG-20250824-WA0020-scaled.jpg","_links":{"self":[{"href":"https:\/\/radiofenix.com\/index.php\/wp-json\/wp\/v2\/posts\/351","targetHints":{"allow":["GET"]}}],"collection":[{"href":"https:\/\/radiofenix.com\/index.php\/wp-json\/wp\/v2\/posts"}],"about":[{"href":"https:\/\/radiofenix.com\/index.php\/wp-json\/wp\/v2\/types\/post"}],"author":[{"embeddable":true,"href":"https:\/\/radiofenix.com\/index.php\/wp-json\/wp\/v2\/users\/4"}],"replies":[{"embeddable":true,"href":"https:\/\/radiofenix.com\/index.php\/wp-json\/wp\/v2\/comments?post=351"}],"version-history":[{"count":1,"href":"https:\/\/radiofenix.com\/index.php\/wp-json\/wp\/v2\/posts\/351\/revisions"}],"predecessor-version":[{"id":356,"href":"https:\/\/radiofenix.com\/index.php\/wp-json\/wp\/v2\/posts\/351\/revisions\/356"}],"wp:featuredmedia":[{"embeddable":true,"href":"https:\/\/radiofenix.com\/index.php\/wp-json\/wp\/v2\/media\/355"}],"wp:attachment":[{"href":"https:\/\/radiofenix.com\/index.php\/wp-json\/wp\/v2\/media?parent=351"}],"wp:term":[{"taxonomy":"category","embeddable":true,"href":"https:\/\/radiofenix.com\/index.php\/wp-json\/wp\/v2\/categories?post=351"},{"taxonomy":"post_tag","embeddable":true,"href":"https:\/\/radiofenix.com\/index.php\/wp-json\/wp\/v2\/tags?post=351"}],"curies":[{"name":"wp","href":"https:\/\/api.w.org\/{rel}","templated":true}]}}