{"id":348,"date":"2025-08-19T12:10:22","date_gmt":"2025-08-19T15:10:22","guid":{"rendered":"https:\/\/radiofenix.com\/?p=348"},"modified":"2025-09-24T17:00:03","modified_gmt":"2025-09-24T20:00:03","slug":"torres-anuncio-un-bono-remunerativo-de-200-mil-para-docentes-y-anticipo-nuevas-inversiones-en-infraestructura-escolar","status":"publish","type":"post","link":"https:\/\/radiofenix.com\/index.php\/2025\/08\/19\/torres-anuncio-un-bono-remunerativo-de-200-mil-para-docentes-y-anticipo-nuevas-inversiones-en-infraestructura-escolar\/","title":{"rendered":"Torres anunci\u00f3 un bono remunerativo de $200 mil para docentes y anticip\u00f3 nuevas inversiones en infraestructura escolar"},"content":{"rendered":"<div dir=\"auto\"><\/div>\n<div dir=\"auto\"><\/div>\n<div dir=\"auto\"><em>El mandatario confirm\u00f3 el beneficio, que ser\u00e1 implementado gracias a la adhesi\u00f3n de Chubut al \u201cAutoseguro P\u00fablico Provincial\u201d, que permitir\u00e1 un ahorro mensual de m\u00e1s de $1.200 millones. Los fondos tambi\u00e9n ser\u00e1n destinados a obras de infraestructura escolar. \u00abVamos a llevar adelante una importante licitaci\u00f3n para fortalecer el mantenimiento y la renovaci\u00f3n de las calderas de las distintas escuelas de la provincia, porque invertir en educaci\u00f3n es reconocer el trabajo silencioso, y el enorme compromiso, de quienes todos los d\u00edas aportan su esfuerzo para una mejor educaci\u00f3n p\u00fablica en Chubut\u00bb, expres\u00f3 el Gobernador.<\/em><\/div>\n<div dir=\"auto\"><\/div>\n<div dir=\"auto\">El gobernador de Chubut, Ignacio \u00abNacho\u00bb Torres, confirm\u00f3 el otorgamiento de un bono a docentes y auxiliares del sistema p\u00fablico de educaci\u00f3n, a partir de un millonario ahorro en las arcas provinciales, producto de la adhesi\u00f3n al Autoseguro P\u00fablico Provincial. Se trata de una medida que permitir\u00e1 el recupero de m\u00e1s de $1.200 millones mensuales, fondos que ser\u00e1n destinados \u00edntegramente al sistema educativo y que representar\u00e1n el denominado Bono Remunerativo de Vocaci\u00f3n Docente, cuya cifra se ubicar\u00e1 en los $200 mil para docentes, y $150 mil para auxiliares, seg\u00fan \u00edndice de presencialidad durante el primer semestre del a\u00f1o.<\/div>\n<div dir=\"auto\"><\/div>\n<div dir=\"auto\">Al respecto, Torres explic\u00f3 que \u00abdecidimos autoasegurar a nuestra provincia y, de este modo, terminar con el &#8216;curro&#8217; de los seguros, volcando m\u00e1s inversi\u00f3n en educaci\u00f3n a partir de un ahorro millonario\u00bb y asegur\u00f3 que \u00abel resultado de esta decisi\u00f3n pol\u00edtica son, concretamente, m\u00e1s de $14 mil millones al a\u00f1o, que vamos a volcar al sistema educativo para seguir garantizando una educaci\u00f3n de calidad en toda la provincia\u00bb.<\/div>\n<div dir=\"auto\"><\/div>\n<div dir=\"auto\">\u00abAdem\u00e1s, vamos a llevar adelante una importante licitaci\u00f3n para fortalecer el mantenimiento y la renovaci\u00f3n de las calderas de las distintas escuelas de la provincia, porque invertir en educaci\u00f3n es reconocer el trabajo silencioso, y el enorme compromiso, de quienes todos los d\u00edas aportan su esfuerzo para una mejor educaci\u00f3n p\u00fablica en Chubut\u00bb, concluy\u00f3 el Gobernador.<\/div>\n<div dir=\"auto\"><\/div>\n<div dir=\"auto\"><strong>Bono Remunerativo<\/strong><\/div>\n<div dir=\"auto\"><\/div>\n<div dir=\"auto\">El mismo ser\u00e1 de $200.000 para docentes y $150.000 para auxiliares, seg\u00fan indicie de presencialidad durante el primer semestre del a\u00f1o 2025, y se abonar\u00e1 en dos partes en los meses de septiembre y octubre.<\/div>\n<div dir=\"auto\"><\/div>\n<div dir=\"auto\">En los casos de ausencias justificadas, el bono ser\u00e1 de $100.000 para docentes y $75.000 para auxiliares; mientras que en caso de inasistencias sin justificar o bien que no se encuentren contempladas dentro del R\u00e9gimen de Licencias para el personal de Educaci\u00f3n, no corresponder\u00e1 la percepci\u00f3n del beneficio.<\/div>\n<div dir=\"auto\"><\/div>\n<div dir=\"auto\"><strong>Autoseguro<\/strong><\/div>\n<div dir=\"auto\"><\/div>\n<div dir=\"auto\">La implementaci\u00f3n del Bono Remunerativo de Vocaci\u00f3n Docente, surge a trav\u00e9s del ahorro alcanzado por la adhesi\u00f3n de la Provincia del Chubut al r\u00e9gimen de \u201cAutoseguro P\u00fablico Provincial\u201d, establecido en el Art\u00edculo 5\u00b0 de la Ley Nacional N\u00b0 27.348, mediante Ley XXII N\u00b0 50.<\/div>\n<div dir=\"auto\"><\/div>\n<div dir=\"auto\">De este modo, se ha rescindido el contrato con Prevenci\u00f3n ART a partir del d\u00eda 31 de julio de 2025, y a tal fin se ha conformado la Unidad Ejecutora Chubut ART, organismo que ejecutar\u00e1 las prestaciones que prescribe la Ley Nacional N\u00b0 24.557 y sus modificatorias, quedando a cargo de la Fiscal\u00eda de Estado los reclamos judiciales de las prestaciones dinerarias, en caso de corresponder.<\/div>\n<div dir=\"auto\"><\/div>\n<div dir=\"auto\">Es dable destacar que la adhesi\u00f3n fue posible, gracias a que la provincia de Chubut cumple actualmente con dos condiciones fundamentales, que son la solvencia econ\u00f3mica-financiera para afrontar las prestaciones que establece la Ley 24.557, y que garantiza los servicios necesarios para otorgar las prestaciones de asistencia m\u00e9dica y las dem\u00e1s previstas en la Ley.<\/div>\n<div dir=\"auto\"><\/div>\n<div dir=\"auto\">De este modo, se generar\u00e1 un ahorro de $1.234 millones mensuales y $14.808 anuales, a partir de una reducci\u00f3n del 51,4% en el costo del nuevo r\u00e9gimen.<\/div>\n<div dir=\"auto\"><\/div>\n<div dir=\"auto\">Los principales beneficios del Autoseguro P\u00fablico Provincial se corresponden con la correcci\u00f3n de las distorsiones que tiene el sistema de ART, el cu\u00e1l no se adaptaba a estados provinciales en su totalidad, ahorro considerable de costos, reducci\u00f3n de ausentismo, reducci\u00f3n de la siniestralidad y judicialidad, y beneficio extensible a los Municipios en caso que adhieran a este r\u00e9gimen.<\/div>\n","protected":false},"excerpt":{"rendered":"<p>El mandatario confirm\u00f3 el beneficio, que ser\u00e1 implementado gracias a la adhesi\u00f3n de Chubut al \u201cAutoseguro P\u00fablico Provincial\u201d, que permitir\u00e1 un ahorro mensual de m\u00e1s de $1.200 millones. Los fondos tambi\u00e9n ser\u00e1n destinados a obras de infraestructura escolar. \u00abVamos a llevar adelante una importante licitaci\u00f3n para fortalecer el mantenimiento y la renovaci\u00f3n de las calderas&#8230;<\/p>\n","protected":false},"author":4,"featured_media":349,"comment_status":"closed","ping_status":"closed","sticky":false,"template":"","format":"standard","meta":{"footnotes":""},"categories":[1],"tags":[],"class_list":["post-348","post","type-post","status-publish","format-standard","has-post-thumbnail","hentry","category-uncategorized"],"jetpack_featured_media_url":"https:\/\/radiofenix.com\/wp-content\/uploads\/2025\/09\/IMG-20250818-WA0049-scaled.jpg","_links":{"self":[{"href":"https:\/\/radiofenix.com\/index.php\/wp-json\/wp\/v2\/posts\/348","targetHints":{"allow":["GET"]}}],"collection":[{"href":"https:\/\/radiofenix.com\/index.php\/wp-json\/wp\/v2\/posts"}],"about":[{"href":"https:\/\/radiofenix.com\/index.php\/wp-json\/wp\/v2\/types\/post"}],"author":[{"embeddable":true,"href":"https:\/\/radiofenix.com\/index.php\/wp-json\/wp\/v2\/users\/4"}],"replies":[{"embeddable":true,"href":"https:\/\/radiofenix.com\/index.php\/wp-json\/wp\/v2\/comments?post=348"}],"version-history":[{"count":1,"href":"https:\/\/radiofenix.com\/index.php\/wp-json\/wp\/v2\/posts\/348\/revisions"}],"predecessor-version":[{"id":350,"href":"https:\/\/radiofenix.com\/index.php\/wp-json\/wp\/v2\/posts\/348\/revisions\/350"}],"wp:featuredmedia":[{"embeddable":true,"href":"https:\/\/radiofenix.com\/index.php\/wp-json\/wp\/v2\/media\/349"}],"wp:attachment":[{"href":"https:\/\/radiofenix.com\/index.php\/wp-json\/wp\/v2\/media?parent=348"}],"wp:term":[{"taxonomy":"category","embeddable":true,"href":"https:\/\/radiofenix.com\/index.php\/wp-json\/wp\/v2\/categories?post=348"},{"taxonomy":"post_tag","embeddable":true,"href":"https:\/\/radiofenix.com\/index.php\/wp-json\/wp\/v2\/tags?post=348"}],"curies":[{"name":"wp","href":"https:\/\/api.w.org\/{rel}","templated":true}]}}