{"id":339,"date":"2025-08-06T16:27:01","date_gmt":"2025-08-06T19:27:01","guid":{"rendered":"https:\/\/radiofenix.com\/?p=339"},"modified":"2025-09-24T16:27:36","modified_gmt":"2025-09-24T19:27:36","slug":"chubut-alcanzo-las-70-000-vacunas-antigripales-aplicadas-a-los-grupos-de-riesgo","status":"publish","type":"post","link":"https:\/\/radiofenix.com\/index.php\/2025\/08\/06\/chubut-alcanzo-las-70-000-vacunas-antigripales-aplicadas-a-los-grupos-de-riesgo\/","title":{"rendered":"Chubut alcanz\u00f3 las 70.000 vacunas antigripales aplicadas a los grupos de riesgo"},"content":{"rendered":"<p>&nbsp;<\/p>\n<p>&nbsp;<\/p>\n<p><strong>Chubut alcanz\u00f3 las 70.000 vacunas antigripales aplicadas a los grupos de riesgo<\/strong><\/p>\n<p><em>Lo destac\u00f3 la Secretar\u00eda de Salud provincial al recordar que la vacuna contra la Gripe est\u00e1 disponible, de manera gratuita, en los 140 vacunatorios de la provincia.<\/em><\/p>\n<p>El Gobierno del Chubut, que conduce Ignacio \u201cNacho\u201d Torres, inform\u00f3 a trav\u00e9s de la Secretar\u00eda de Salud, que ya se aplicaron un total de 70.000 dosis de la vacuna antigripal a personas comprendidas dentro de los grupos de riesgo de toda la provincia.<\/p>\n<p>El dato fue confirmado por la cartera sanitaria chubutense al destacar que la \u201cCampa\u00f1a de Vacunaci\u00f3n Antigripal 2025\u201d, que se puso en marcha en marzo, tiene el objetivo de reducir las complicaciones, hospitalizaciones, secuelas y muertes ocasionadas por la infecci\u00f3n del virus influenza en la poblaci\u00f3n.<\/p>\n<p><strong>Refuerzos durante el invierno<\/strong><\/p>\n<p>La referente provincial del Programa Ampliado de Inmunizaciones, Daniela Carreras, se\u00f1al\u00f3 que \u201cla campa\u00f1a de vacunaci\u00f3n antigripal contin\u00faa desarroll\u00e1ndose durante el invierno en todos los vacunatorios de la provincia\u201d, e indic\u00f3 que \u201clas personas que forman parte de los grupos de riesgo y todav\u00eda no se vacunaron contra la Gripe, a\u00fan est\u00e1n a tiempo de hacerlo de manera totalmente gratuita\u201d.<\/p>\n<p>En esa l\u00ednea, a su vez, la referente provincial solicit\u00f3 reforzar especialmente la cobertura de dos grupos en particular: los menores de 6 a 24 meses de edad y las personas que presentan factores de riesgo.<\/p>\n<p><img loading=\"lazy\" decoding=\"async\" class=\"alignnone size-medium wp-image-340\" src=\"https:\/\/radiofenix.com\/wp-content\/uploads\/2025\/09\/vacunas1-300x169.jpg\" alt=\"\" width=\"300\" height=\"169\" srcset=\"https:\/\/radiofenix.com\/wp-content\/uploads\/2025\/09\/vacunas1-300x169.jpg 300w, https:\/\/radiofenix.com\/wp-content\/uploads\/2025\/09\/vacunas1-1024x576.jpg 1024w, https:\/\/radiofenix.com\/wp-content\/uploads\/2025\/09\/vacunas1-768x432.jpg 768w, https:\/\/radiofenix.com\/wp-content\/uploads\/2025\/09\/vacunas1-1536x864.jpg 1536w, https:\/\/radiofenix.com\/wp-content\/uploads\/2025\/09\/vacunas1.jpg 1600w\" sizes=\"auto, (max-width: 300px) 100vw, 300px\" \/><\/p>\n<p><strong>Acto solidario<\/strong><\/p>\n<p>Por otra parte, Carreras explic\u00f3 que \u201cla vacunaci\u00f3n significa no s\u00f3lo la protecci\u00f3n individual de la persona que se vacuna, que gracias a la inmunizaci\u00f3n que le confiere la vacuna pasa a tener una menor susceptibilidad a la infecci\u00f3n, sino la protecci\u00f3n de toda la comunidad\u201d, y a\u00f1adi\u00f3 que \u201cpor eso recalcamos que la vacunaci\u00f3n es un acto solidario hacia aquellos que no pueden vacunarse (inmunocomprometidos) o no tienen a\u00fan la edad para hacerlo\u201d.<\/p>\n<p><strong>Grupos de riesgo<\/strong><\/p>\n<p>La \u201cCampa\u00f1a de Vacunaci\u00f3n Antigripal 2025\u201d est\u00e1 dirigida a los siguientes grupos de riesgo: el personal de salud; las personas gestantes, en cualquier trimestre de la gestaci\u00f3n; y menores de 6 a 24 meses de edad.<\/p>\n<p>Adem\u00e1s, se incluye dentro de los grupos de riesgo a las personas de 2 a 64 a\u00f1os que tengan factores de riesgo, quienes deben presentar la documentaci\u00f3n que los acredite, excepto en el caso de la obesidad; y las personas de 65 a\u00f1os y m\u00e1s, que no requieren indicaci\u00f3n m\u00e9dica para recibir la vacuna.<\/p>\n<p><strong>Oportunidad para completar esquemas<\/strong><\/p>\n<p>Es importante destacar que esta Campa\u00f1a es una oportunidad para completar el resto de las vacunas del Calendario de Vacunaci\u00f3n, como ser la vacuna contra el Covid-19, que est\u00e1 dirigida a todas las personas desde los 6 meses, que deben contar con el esquema primario y las dosis de refuerzo correspondientes; la vacuna Triple Bacteriana Acelular, que est\u00e1 dirigida a las personas gestantes a partir de la semana 20; la vacuna contra el Virus Sincicial Respiratorio (VSR), que est\u00e1 dirigida a las personas gestantes que cursen su embarazo entre las semanas 32 a 36; y la vacuna contra el Neumococo, que est\u00e1 dirigida a las personas de 5 a 64 a\u00f1os con factores de riesgo, y para mayores de 65 a\u00f1os si corresponde.<\/p>\n<p>Por \u00faltimo, desde la Secretar\u00eda de Salud se record\u00f3 que la vacunaci\u00f3n antigripal est\u00e1 disponible, de manera gratuita, para las personas comprendidas dentro de los grupos de riesgo en los 140 vacunatorios de la provincia.<\/p>\n<div class=\"yj6qo\"><\/div>\n","protected":false},"excerpt":{"rendered":"<p>&nbsp; &nbsp; Chubut alcanz\u00f3 las 70.000 vacunas antigripales aplicadas a los grupos de riesgo Lo destac\u00f3 la Secretar\u00eda de Salud provincial al recordar que la vacuna contra la Gripe est\u00e1 disponible, de manera gratuita, en los 140 vacunatorios de la provincia. El Gobierno del Chubut, que conduce Ignacio \u201cNacho\u201d Torres, inform\u00f3 a trav\u00e9s de la&#8230;<\/p>\n","protected":false},"author":4,"featured_media":341,"comment_status":"closed","ping_status":"closed","sticky":false,"template":"","format":"standard","meta":{"footnotes":""},"categories":[1],"tags":[],"class_list":["post-339","post","type-post","status-publish","format-standard","has-post-thumbnail","hentry","category-uncategorized"],"jetpack_featured_media_url":"https:\/\/radiofenix.com\/wp-content\/uploads\/2025\/09\/vacunas2.jpg","_links":{"self":[{"href":"https:\/\/radiofenix.com\/index.php\/wp-json\/wp\/v2\/posts\/339","targetHints":{"allow":["GET"]}}],"collection":[{"href":"https:\/\/radiofenix.com\/index.php\/wp-json\/wp\/v2\/posts"}],"about":[{"href":"https:\/\/radiofenix.com\/index.php\/wp-json\/wp\/v2\/types\/post"}],"author":[{"embeddable":true,"href":"https:\/\/radiofenix.com\/index.php\/wp-json\/wp\/v2\/users\/4"}],"replies":[{"embeddable":true,"href":"https:\/\/radiofenix.com\/index.php\/wp-json\/wp\/v2\/comments?post=339"}],"version-history":[{"count":2,"href":"https:\/\/radiofenix.com\/index.php\/wp-json\/wp\/v2\/posts\/339\/revisions"}],"predecessor-version":[{"id":343,"href":"https:\/\/radiofenix.com\/index.php\/wp-json\/wp\/v2\/posts\/339\/revisions\/343"}],"wp:featuredmedia":[{"embeddable":true,"href":"https:\/\/radiofenix.com\/index.php\/wp-json\/wp\/v2\/media\/341"}],"wp:attachment":[{"href":"https:\/\/radiofenix.com\/index.php\/wp-json\/wp\/v2\/media?parent=339"}],"wp:term":[{"taxonomy":"category","embeddable":true,"href":"https:\/\/radiofenix.com\/index.php\/wp-json\/wp\/v2\/categories?post=339"},{"taxonomy":"post_tag","embeddable":true,"href":"https:\/\/radiofenix.com\/index.php\/wp-json\/wp\/v2\/tags?post=339"}],"curies":[{"name":"wp","href":"https:\/\/api.w.org\/{rel}","templated":true}]}}