{"id":309,"date":"2025-07-30T17:39:52","date_gmt":"2025-07-30T20:39:52","guid":{"rendered":"https:\/\/radiofenix.com\/?p=309"},"modified":"2025-07-31T17:45:12","modified_gmt":"2025-07-31T20:45:12","slug":"la-trochita-suma-una-salida-adicional-para-este-jueves-31-de-julio","status":"publish","type":"post","link":"https:\/\/radiofenix.com\/index.php\/2025\/07\/30\/la-trochita-suma-una-salida-adicional-para-este-jueves-31-de-julio\/","title":{"rendered":"La Trochita suma una salida adicional para este jueves 31 de julio"},"content":{"rendered":"<h4 class=\"article-deck\">Debido a la alta demanda de boletos, el emblem\u00e1tico tren agregar\u00e1 una nueva excursi\u00f3n en el trayecto que une las estaciones Esquel y Nahuelpan.<\/h4>\n<p>El\u00a0<strong>Viejo Expreso Patag\u00f3nico<\/strong>\u00a0confirm\u00f3 que\u00a0<strong>este jueves 31 de julio realizar\u00e1 una salida adicional\u00a0<\/strong>en el tramo que conecta a la<strong>\u00a0ciudad de Esquel y la comunidad Nahuelpan<\/strong>.<\/p>\n<p>En esta temporada de invierno 2025,<strong>\u00a0\u201cLa Trochita\u201d es uno de los atractivos tur\u00edsticos m\u00e1s visitados\u00a0<\/strong>por aquellos que llegan a la regi\u00f3n de la cordillera desde distintos puntos de la Argentina para disfrutar de unas vacaciones en familia o con amigos.<\/p>\n<p>Prueba del inter\u00e9s que despierta el emblem\u00e1tico tren son los<strong>\u00a0viajes con vagones repletos de pasajeros\u00a0<\/strong>y las reiteradas<strong>\u00a0salidas adicionales\u00a0<\/strong>que deben agregarse ante el requerimiento de tickets.<\/p>\n<h3>Nuevo recorrido<\/h3>\n<p>En ese contexto, la gerencia del Viejo Expreso Patag\u00f3nico confirm\u00f3 la<strong>\u00a0incorporaci\u00f3n al calendario de un nuevo viaje para este jueves 31 de julio\u00a0<\/strong>en el trayecto que une a las estaciones del ferrocarril Esquel y Nahuelpan.<\/p>\n","protected":false},"excerpt":{"rendered":"<p>Debido a la alta demanda de boletos, el emblem\u00e1tico tren agregar\u00e1 una nueva excursi\u00f3n en el trayecto que une las estaciones Esquel y Nahuelpan. El\u00a0Viejo Expreso Patag\u00f3nico\u00a0confirm\u00f3 que\u00a0este jueves 31 de julio realizar\u00e1 una salida adicional\u00a0en el tramo que conecta a la\u00a0ciudad de Esquel y la comunidad Nahuelpan. En esta temporada de invierno 2025,\u00a0\u201cLa Trochita\u201d&#8230;<\/p>\n","protected":false},"author":4,"featured_media":310,"comment_status":"closed","ping_status":"closed","sticky":false,"template":"","format":"standard","meta":{"footnotes":""},"categories":[1],"tags":[],"class_list":["post-309","post","type-post","status-publish","format-standard","has-post-thumbnail","hentry","category-uncategorized"],"jetpack_featured_media_url":"https:\/\/radiofenix.com\/wp-content\/uploads\/2025\/07\/La-Trochita-1.webp","_links":{"self":[{"href":"https:\/\/radiofenix.com\/index.php\/wp-json\/wp\/v2\/posts\/309","targetHints":{"allow":["GET"]}}],"collection":[{"href":"https:\/\/radiofenix.com\/index.php\/wp-json\/wp\/v2\/posts"}],"about":[{"href":"https:\/\/radiofenix.com\/index.php\/wp-json\/wp\/v2\/types\/post"}],"author":[{"embeddable":true,"href":"https:\/\/radiofenix.com\/index.php\/wp-json\/wp\/v2\/users\/4"}],"replies":[{"embeddable":true,"href":"https:\/\/radiofenix.com\/index.php\/wp-json\/wp\/v2\/comments?post=309"}],"version-history":[{"count":2,"href":"https:\/\/radiofenix.com\/index.php\/wp-json\/wp\/v2\/posts\/309\/revisions"}],"predecessor-version":[{"id":312,"href":"https:\/\/radiofenix.com\/index.php\/wp-json\/wp\/v2\/posts\/309\/revisions\/312"}],"wp:featuredmedia":[{"embeddable":true,"href":"https:\/\/radiofenix.com\/index.php\/wp-json\/wp\/v2\/media\/310"}],"wp:attachment":[{"href":"https:\/\/radiofenix.com\/index.php\/wp-json\/wp\/v2\/media?parent=309"}],"wp:term":[{"taxonomy":"category","embeddable":true,"href":"https:\/\/radiofenix.com\/index.php\/wp-json\/wp\/v2\/categories?post=309"},{"taxonomy":"post_tag","embeddable":true,"href":"https:\/\/radiofenix.com\/index.php\/wp-json\/wp\/v2\/tags?post=309"}],"curies":[{"name":"wp","href":"https:\/\/api.w.org\/{rel}","templated":true}]}}