{"id":301,"date":"2025-07-16T13:14:56","date_gmt":"2025-07-16T16:14:56","guid":{"rendered":"https:\/\/radiofenix.com\/?p=301"},"modified":"2025-07-31T17:24:13","modified_gmt":"2025-07-31T20:24:13","slug":"el-gobernador-de-chubut-reclamo-a-nacion-medidas-de-alivio-fiscal-para-sostener-la-actividad-petrolera","status":"publish","type":"post","link":"https:\/\/radiofenix.com\/index.php\/2025\/07\/16\/el-gobernador-de-chubut-reclamo-a-nacion-medidas-de-alivio-fiscal-para-sostener-la-actividad-petrolera\/","title":{"rendered":"El gobernador de Chubut reclam\u00f3 a Naci\u00f3n medidas de alivio fiscal para sostener la actividad petrolera"},"content":{"rendered":"<p>Es para cuencas maduras.<\/p>\n<h4>El gobernador lider\u00f3 un encuentro con representantes de operadoras, funcionarios y legisladores, en el que se present\u00f3 una propuesta orientada a eliminar las retenciones y asegurar la continuidad de una de las actividades econ\u00f3micas m\u00e1s relevantes para la regi\u00f3n.<\/h4>\n<p data-start=\"0\" data-end=\"97\"><strong data-start=\"0\" data-end=\"97\">Nacho Torres renov\u00f3 el reclamo por la quita de retenciones a los hidrocarburos convencionales<\/strong><\/p>\n<p data-start=\"99\" data-end=\"334\"><em data-start=\"99\" data-end=\"334\">El gobernador de Chubut encabez\u00f3 una reuni\u00f3n con operadoras y referentes del sector energ\u00e9tico. Pidieron al Gobierno Nacional eliminar derechos de exportaci\u00f3n para preservar una de las principales actividades econ\u00f3micas de la regi\u00f3n.<\/em><\/p>\n<p><img loading=\"lazy\" decoding=\"async\" class=\"alignnone size-medium wp-image-303\" src=\"https:\/\/radiofenix.com\/wp-content\/uploads\/2025\/07\/reclamo-x-cuencas-maduras-2-300x200.webp\" alt=\"\" width=\"300\" height=\"200\" srcset=\"https:\/\/radiofenix.com\/wp-content\/uploads\/2025\/07\/reclamo-x-cuencas-maduras-2-300x200.webp 300w, https:\/\/radiofenix.com\/wp-content\/uploads\/2025\/07\/reclamo-x-cuencas-maduras-2-1024x683.webp 1024w, https:\/\/radiofenix.com\/wp-content\/uploads\/2025\/07\/reclamo-x-cuencas-maduras-2-768x512.webp 768w, https:\/\/radiofenix.com\/wp-content\/uploads\/2025\/07\/reclamo-x-cuencas-maduras-2.webp 1080w\" sizes=\"auto, (max-width: 300px) 100vw, 300px\" \/><\/p>\n<hr data-start=\"336\" data-end=\"339\" \/>\n<p data-start=\"341\" data-end=\"778\">El gobernador de Chubut, Ignacio \u201cNacho\u201d Torres, reiter\u00f3 su pedido al Gobierno Nacional para que se eliminen los derechos de exportaci\u00f3n aplicados a los hidrocarburos convencionales con destino al mercado externo. El reclamo fue formalizado durante una reuni\u00f3n celebrada en la Casa del Chubut, en la que participaron representantes de las principales operadoras de la Cuenca del Golfo San Jorge, funcionarios provinciales y legisladores.<\/p>\n<p data-start=\"780\" data-end=\"1293\">El encuentro se enmarc\u00f3 en el Acuerdo de Competitividad y Paz Social para el Fortalecimiento de la Actividad Hidrocarbur\u00edfera, suscripto en mayo por actores p\u00fablicos, privados y gremiales, y ratificado por la Legislatura provincial en junio. Durante la reuni\u00f3n, los participantes firmaron una nota elevada por Torres al ministro de Econom\u00eda de la Naci\u00f3n, Luis Caputo, en la que solicitan la eliminaci\u00f3n de las retenciones como medida clave para sostener una de las actividades econ\u00f3micas m\u00e1s relevantes de Chubut.<\/p>\n<p data-start=\"1295\" data-end=\"1513\">\u201cEste reclamo nos une a todos los actores del sector. Estamos comprometidos a mediano y largo plazo con el presente y el futuro de una actividad estrat\u00e9gica para la econom\u00eda regional\u201d, sostuvo el mandatario provincial.<\/p>\n<p data-start=\"1515\" data-end=\"2022\">Torres subray\u00f3 adem\u00e1s la urgencia de revisar la carga impositiva que afecta a las cuencas maduras del pa\u00eds, particularmente a la Cuenca del Golfo San Jorge, que acumula m\u00e1s de un siglo de historia productiva. \u201cLa situaci\u00f3n macroecon\u00f3mica, el envejecimiento natural de los yacimientos y el aumento sostenido de los costos ponen en riesgo la continuidad de la actividad en todos sus niveles. La eliminaci\u00f3n de las retenciones es una medida indispensable para preservar la competitividad del sector\u201d, advirti\u00f3.<\/p>\n<p data-start=\"2024\" data-end=\"2286\" data-is-last-node=\"\" data-is-only-node=\"\">El documento firmado reafirma los lineamientos del Acuerdo de Competitividad, que plantea una hoja de ruta com\u00fan entre Estado, empresas y trabajadores para garantizar la estabilidad, el desarrollo y la proyecci\u00f3n de la actividad hidrocarbur\u00edfera en la provincia.<\/p>\n<p>&nbsp;<\/p>\n","protected":false},"excerpt":{"rendered":"<p>Es para cuencas maduras. El gobernador lider\u00f3 un encuentro con representantes de operadoras, funcionarios y legisladores, en el que se present\u00f3 una propuesta orientada a eliminar las retenciones y asegurar la continuidad de una de las actividades econ\u00f3micas m\u00e1s relevantes para la regi\u00f3n. Nacho Torres renov\u00f3 el reclamo por la quita de retenciones a los&#8230;<\/p>\n","protected":false},"author":4,"featured_media":302,"comment_status":"closed","ping_status":"closed","sticky":false,"template":"","format":"standard","meta":{"footnotes":""},"categories":[1],"tags":[],"class_list":["post-301","post","type-post","status-publish","format-standard","has-post-thumbnail","hentry","category-uncategorized"],"jetpack_featured_media_url":"https:\/\/radiofenix.com\/wp-content\/uploads\/2025\/07\/Reclamo-x-cuencas-maduras-1.webp","_links":{"self":[{"href":"https:\/\/radiofenix.com\/index.php\/wp-json\/wp\/v2\/posts\/301","targetHints":{"allow":["GET"]}}],"collection":[{"href":"https:\/\/radiofenix.com\/index.php\/wp-json\/wp\/v2\/posts"}],"about":[{"href":"https:\/\/radiofenix.com\/index.php\/wp-json\/wp\/v2\/types\/post"}],"author":[{"embeddable":true,"href":"https:\/\/radiofenix.com\/index.php\/wp-json\/wp\/v2\/users\/4"}],"replies":[{"embeddable":true,"href":"https:\/\/radiofenix.com\/index.php\/wp-json\/wp\/v2\/comments?post=301"}],"version-history":[{"count":1,"href":"https:\/\/radiofenix.com\/index.php\/wp-json\/wp\/v2\/posts\/301\/revisions"}],"predecessor-version":[{"id":304,"href":"https:\/\/radiofenix.com\/index.php\/wp-json\/wp\/v2\/posts\/301\/revisions\/304"}],"wp:featuredmedia":[{"embeddable":true,"href":"https:\/\/radiofenix.com\/index.php\/wp-json\/wp\/v2\/media\/302"}],"wp:attachment":[{"href":"https:\/\/radiofenix.com\/index.php\/wp-json\/wp\/v2\/media?parent=301"}],"wp:term":[{"taxonomy":"category","embeddable":true,"href":"https:\/\/radiofenix.com\/index.php\/wp-json\/wp\/v2\/categories?post=301"},{"taxonomy":"post_tag","embeddable":true,"href":"https:\/\/radiofenix.com\/index.php\/wp-json\/wp\/v2\/tags?post=301"}],"curies":[{"name":"wp","href":"https:\/\/api.w.org\/{rel}","templated":true}]}}