{"id":295,"date":"2025-07-10T16:43:33","date_gmt":"2025-07-10T19:43:33","guid":{"rendered":"https:\/\/radiofenix.com\/?p=295"},"modified":"2025-07-31T17:13:50","modified_gmt":"2025-07-31T20:13:50","slug":"productores-chubutenses-presentes-en-la-feria-caminos-y-sabores","status":"publish","type":"post","link":"https:\/\/radiofenix.com\/index.php\/2025\/07\/10\/productores-chubutenses-presentes-en-la-feria-caminos-y-sabores\/","title":{"rendered":"Productores Chubutenses presentes en la Feria Caminos y Sabores"},"content":{"rendered":"<h6>En Buenos Aires.<\/h6>\n<p data-start=\"0\" data-end=\"97\"><strong data-start=\"0\" data-end=\"97\">Emprendedores chubutenses desembarcaron en Caminos y Sabores con productos de calidad premium<\/strong><\/p>\n<p data-start=\"99\" data-end=\"297\"><em data-start=\"99\" data-end=\"297\">M\u00e1s de veinte productores representaron a Chubut en la feria gastron\u00f3mica y tur\u00edstica m\u00e1s importante del pa\u00eds. El stand provincial atrajo al p\u00fablico con sabores regionales y propuestas tur\u00edsticas.<\/em><\/p>\n<hr data-start=\"299\" data-end=\"302\" \/>\n<p data-start=\"304\" data-end=\"584\">Entre el 3 y el 6 de julio, m\u00e1s de veinte emprendedores provenientes de distintas localidades de Chubut participaron en una nueva edici\u00f3n de la Feria Caminos y Sabores, el reconocido mega evento que se llev\u00f3 a cabo en el predio ferial de La Rural, en el barrio porte\u00f1o de Palermo.<\/p>\n<p data-start=\"586\" data-end=\"903\">La provincia cont\u00f3 con un espacio destacado en el sector central del evento, donde adem\u00e1s de exhibir productos regionales de alta calidad, se ofreci\u00f3 informaci\u00f3n sobre los principales atractivos tur\u00edsticos del territorio chubutense, en una estrategia que articul\u00f3 producci\u00f3n, identidad cultural y promoci\u00f3n tur\u00edstica.<\/p>\n<p data-start=\"905\" data-end=\"1339\">La ministra de Producci\u00f3n de Chubut, Laura Mirantes, acompa\u00f1\u00f3 a la delegaci\u00f3n provincial y celebr\u00f3 el protagonismo alcanzado por los productores locales. \u201cPara nosotros es un enorme orgullo estar presentes junto a nuestros emprendedores en este evento tan representativo. Chubut se destaca por la calidad premium de sus productos, que hoy llegan no s\u00f3lo a distintas regiones del pa\u00eds sino tambi\u00e9n a mercados internacionales\u201d, expres\u00f3.<\/p>\n<p data-start=\"1341\" data-end=\"1679\">Seg\u00fan indic\u00f3 Mirantes, el inter\u00e9s del p\u00fablico fue notorio desde el primer momento. \u201cLa demanda fue muy alta. Mucha gente se acerc\u00f3 especialmente para conseguir la tradicional torta negra galesa, un emblema de nuestra cultura. Pero lo mismo ocurri\u00f3 con otros productos que conforman una oferta variada, aut\u00e9ntica y de gran nivel\u201d, asegur\u00f3.<\/p>\n<p data-start=\"1681\" data-end=\"2098\" data-is-last-node=\"\" data-is-only-node=\"\"><img loading=\"lazy\" decoding=\"async\" class=\"alignnone size-medium wp-image-297\" src=\"https:\/\/radiofenix.com\/wp-content\/uploads\/2025\/07\/Feria-Cam-y-sab-2-300x200.webp\" alt=\"\" width=\"300\" height=\"200\" srcset=\"https:\/\/radiofenix.com\/wp-content\/uploads\/2025\/07\/Feria-Cam-y-sab-2-300x200.webp 300w, https:\/\/radiofenix.com\/wp-content\/uploads\/2025\/07\/Feria-Cam-y-sab-2-1024x682.webp 1024w, https:\/\/radiofenix.com\/wp-content\/uploads\/2025\/07\/Feria-Cam-y-sab-2-768x512.webp 768w, https:\/\/radiofenix.com\/wp-content\/uploads\/2025\/07\/Feria-Cam-y-sab-2.webp 1081w\" sizes=\"auto, (max-width: 300px) 100vw, 300px\" \/><\/p>\n<p><strong>Caminos y Sabores<\/strong>\u00a0es un evento que aglutina a productores del rubro gastron\u00f3mico de todo el pa\u00eds y funciona como un gran mercado federal de productos regionales elaborados con valor agregado por productores de alimentos, artesanos, cocineros y emprendedores quienes comercializan, exponen, presentan, toman contacto, difunden sus especialidades, realizan clases y demostraciones de cocina ante un gran p\u00fablico.<\/p>\n<figure class=\"multimedia\" data-tadevel-template=\"web\/multimedia\" data-type=\"photo\">\n<div class=\"content\">\n<div class=\"sizer\" data-sizer=\"aspect-ratio\" data-tadevel-template=\"web\/aspect-ratio\"><\/div>\n<\/div>\n<\/figure>\n","protected":false},"excerpt":{"rendered":"<p>En Buenos Aires. Emprendedores chubutenses desembarcaron en Caminos y Sabores con productos de calidad premium M\u00e1s de veinte productores representaron a Chubut en la feria gastron\u00f3mica y tur\u00edstica m\u00e1s importante del pa\u00eds. El stand provincial atrajo al p\u00fablico con sabores regionales y propuestas tur\u00edsticas. Entre el 3 y el 6 de julio, m\u00e1s de veinte&#8230;<\/p>\n","protected":false},"author":4,"featured_media":296,"comment_status":"closed","ping_status":"closed","sticky":false,"template":"","format":"standard","meta":{"footnotes":""},"categories":[1],"tags":[],"class_list":["post-295","post","type-post","status-publish","format-standard","has-post-thumbnail","hentry","category-uncategorized"],"jetpack_featured_media_url":"https:\/\/radiofenix.com\/wp-content\/uploads\/2025\/07\/Feria-Cam-y-sab-1.webp","_links":{"self":[{"href":"https:\/\/radiofenix.com\/index.php\/wp-json\/wp\/v2\/posts\/295","targetHints":{"allow":["GET"]}}],"collection":[{"href":"https:\/\/radiofenix.com\/index.php\/wp-json\/wp\/v2\/posts"}],"about":[{"href":"https:\/\/radiofenix.com\/index.php\/wp-json\/wp\/v2\/types\/post"}],"author":[{"embeddable":true,"href":"https:\/\/radiofenix.com\/index.php\/wp-json\/wp\/v2\/users\/4"}],"replies":[{"embeddable":true,"href":"https:\/\/radiofenix.com\/index.php\/wp-json\/wp\/v2\/comments?post=295"}],"version-history":[{"count":3,"href":"https:\/\/radiofenix.com\/index.php\/wp-json\/wp\/v2\/posts\/295\/revisions"}],"predecessor-version":[{"id":299,"href":"https:\/\/radiofenix.com\/index.php\/wp-json\/wp\/v2\/posts\/295\/revisions\/299"}],"wp:featuredmedia":[{"embeddable":true,"href":"https:\/\/radiofenix.com\/index.php\/wp-json\/wp\/v2\/media\/296"}],"wp:attachment":[{"href":"https:\/\/radiofenix.com\/index.php\/wp-json\/wp\/v2\/media?parent=295"}],"wp:term":[{"taxonomy":"category","embeddable":true,"href":"https:\/\/radiofenix.com\/index.php\/wp-json\/wp\/v2\/categories?post=295"},{"taxonomy":"post_tag","embeddable":true,"href":"https:\/\/radiofenix.com\/index.php\/wp-json\/wp\/v2\/tags?post=295"}],"curies":[{"name":"wp","href":"https:\/\/api.w.org\/{rel}","templated":true}]}}