{"id":289,"date":"2025-07-03T16:41:45","date_gmt":"2025-07-03T19:41:45","guid":{"rendered":"https:\/\/radiofenix.com\/?p=289"},"modified":"2025-07-31T16:42:37","modified_gmt":"2025-07-31T19:42:37","slug":"marcelina-angiorama-se-incorpora-al-gabinete-de-esquel-y-promete-una-gestion-con-intensidad","status":"publish","type":"post","link":"https:\/\/radiofenix.com\/index.php\/2025\/07\/03\/marcelina-angiorama-se-incorpora-al-gabinete-de-esquel-y-promete-una-gestion-con-intensidad\/","title":{"rendered":"Marcelina Angiorama se incorpora al gabinete de Esquel y promete una gesti\u00f3n con \u201cintensidad\u201d"},"content":{"rendered":"<h5>Durante el acto en el que se formaliz\u00f3 la asunci\u00f3n de Diego Austin como secretario de Gobierno, el intendente Mat\u00edas Taccetta complet\u00f3 el esquema de su gabinete con la incorporaci\u00f3n de una funcionaria de trayectoria en la administraci\u00f3n p\u00fablica.<\/h5>\n<p data-start=\"353\" data-end=\"718\">En un acto realizado este mi\u00e9rcoles, el intendente de Esquel, Mat\u00edas Taccetta, oficializ\u00f3 la designaci\u00f3n de Diego Austin como secretario de Gobierno, cargo que ven\u00eda desempe\u00f1ando de manera informal. En la misma jornada, confirm\u00f3 la incorporaci\u00f3n de Marcelina Angiorama como subsecretaria del \u00e1rea, completando as\u00ed el equipo pol\u00edtico que lo acompa\u00f1ar\u00e1 en la gesti\u00f3n.<\/p>\n<p data-start=\"720\" data-end=\"1278\">\u201cCon la llegada de Marcelina ya tenemos el equipo completo para seguir trabajando en lo que viene\u201d, expres\u00f3 Taccetta al presentar formalmente a la funcionaria, quien arriba con una vasta experiencia en la administraci\u00f3n p\u00fablica y un perfil orientado a la gesti\u00f3n educativa. En paralelo, Angiorama atraviesa el proceso de jubilaci\u00f3n en el \u00e1mbito educativo, motivo por el cual su designaci\u00f3n fue articulada a trav\u00e9s de una comisi\u00f3n de servicio solicitada al Ministerio de Educaci\u00f3n. Una vez finalizado el tr\u00e1mite administrativo, prestar\u00e1 juramento en el cargo.<\/p>\n<p data-start=\"720\" data-end=\"1278\"><img loading=\"lazy\" decoding=\"async\" class=\"alignnone size-medium wp-image-291\" src=\"https:\/\/radiofenix.com\/wp-content\/uploads\/2025\/07\/Taccetta-Marcelina-1-300x169.jpeg\" alt=\"\" width=\"300\" height=\"169\" srcset=\"https:\/\/radiofenix.com\/wp-content\/uploads\/2025\/07\/Taccetta-Marcelina-1-300x169.jpeg 300w, https:\/\/radiofenix.com\/wp-content\/uploads\/2025\/07\/Taccetta-Marcelina-1-1024x576.jpeg 1024w, https:\/\/radiofenix.com\/wp-content\/uploads\/2025\/07\/Taccetta-Marcelina-1-768x432.jpeg 768w, https:\/\/radiofenix.com\/wp-content\/uploads\/2025\/07\/Taccetta-Marcelina-1.jpeg 1279w\" sizes=\"auto, (max-width: 300px) 100vw, 300px\" \/><\/p>\n<article class=\"text-token-text-primary w-full focus:outline-none scroll-mt-[calc(var(--header-height)+min(200px,max(70px,20svh)))]\" dir=\"auto\" tabindex=\"-1\" data-testid=\"conversation-turn-2\" data-scroll-anchor=\"true\" data-turn=\"assistant\">\n<div class=\"text-base my-auto mx-auto pb-10 [--thread-content-margin:--spacing(4)] @[37rem]:[--thread-content-margin:--spacing(6)] @[72rem]:[--thread-content-margin:--spacing(16)] px-(--thread-content-margin)\">\n<div class=\"[--thread-content-max-width:32rem] @[34rem]:[--thread-content-max-width:40rem] @[64rem]:[--thread-content-max-width:48rem] mx-auto max-w-(--thread-content-max-width) flex-1 group\/turn-messages focus-visible:outline-hidden relative flex w-full min-w-0 flex-col agent-turn\" tabindex=\"-1\">\n<div class=\"flex max-w-full flex-col grow\">\n<div class=\"min-h-8 text-message relative flex w-full flex-col items-end gap-2 text-start break-words whitespace-normal [.text-message+&amp;]:mt-5\" dir=\"auto\" data-message-author-role=\"assistant\" data-message-id=\"bbf814a0-5757-4a52-b33f-cebce572ebd3\" data-message-model-slug=\"gpt-4o\">\n<div class=\"flex w-full flex-col gap-1 empty:hidden first:pt-[3px]\">\n<div class=\"markdown prose dark:prose-invert w-full break-words light\">\n<p data-start=\"1280\" data-end=\"1554\">Consultada por los medios, Angiorama destac\u00f3 el desaf\u00edo que representa sumarse a la estructura del Ejecutivo municipal. \u201cMi tarea es dar respuesta a los vecinos, como lo hice siempre. Mat\u00edas confi\u00f3 en m\u00ed para asumir esta responsabilidad, y eso me genera entusiasmo\u201d, se\u00f1al\u00f3.<\/p>\n<p data-start=\"1556\" data-end=\"1900\">En su an\u00e1lisis del escenario pol\u00edtico local, la nueva subsecretaria ponder\u00f3 el enfoque del intendente Taccetta. \u201cEs una gesti\u00f3n que mira hacia el futuro. Mat\u00edas tiene una visi\u00f3n distinta a la que est\u00e1bamos acostumbrados en Esquel. Me sumo con el compromiso de destrabar problemas y colaborar para que las ideas se conviertan en hechos\u201d, afirm\u00f3.<\/p>\n<p data-start=\"1902\" data-end=\"2112\">Respecto de la din\u00e1mica interna del \u00e1rea, Angiorama explic\u00f3 que existe un trabajo coordinado con Austin. \u201cTomamos decisiones en conjunto. Hay di\u00e1logo constante y consenso en todo lo que se implementa\u201d, remarc\u00f3.<\/p>\n<p data-start=\"2114\" data-end=\"2346\">Adem\u00e1s, se refiri\u00f3 a su pertenencia partidaria con naturalidad: \u201cA m\u00ed nunca me preguntaron de qu\u00e9 partido era. Mat\u00edas ni sab\u00eda que yo estaba afiliada al peronismo. Lo importante es tener capacidad de gesti\u00f3n y buscar el bien com\u00fan\u201d.<\/p>\n<p data-start=\"2348\" data-end=\"2583\">Finalmente, dej\u00f3 una definici\u00f3n personal que sintetiza su estilo de conducci\u00f3n: \u201cSoy una persona intensa. Me gusta que las cosas se resuelvan, que no haya grises. Espero poder ayudar a Mat\u00edas a llevar adelante su proyecto para Esquel\u201d.<\/p>\n<p data-start=\"2585\" data-end=\"2837\" data-is-last-node=\"\" data-is-only-node=\"\">Con estas incorporaciones, la gesti\u00f3n de Taccetta refuerza su equipo con perfiles t\u00e9cnicos y una impronta enfocada en la resoluci\u00f3n concreta de problemas, en un contexto pol\u00edtico donde el pragmatismo parece imponerse sobre las afiliaciones partidarias.<\/p>\n<\/div>\n<\/div>\n<\/div>\n<\/div>\n<div class=\"flex min-h-[46px] justify-start\">\n<div class=\"touch:-me-2 touch:-ms-3.5 -ms-2.5 -me-1 flex flex-wrap items-center gap-y-4 p-1 select-none touch:w-[calc(100%+--spacing(3.5))] -mt-1 w-[calc(100%+--spacing(2.5))] duration-[1.5s] focus-within:transition-none hover:transition-none pointer-events-none [mask-image:linear-gradient(to_right,black_33%,transparent_66%)] [mask-size:300%_100%] [mask-position:100%_0%] motion-safe:transition-[mask-position] group-hover\/turn-messages:pointer-events-auto group-hover\/turn-messages:[mask-position:0_0] group-focus-within\/turn-messages:pointer-events-auto group-focus-within\/turn-messages:[mask-position:0_0] has-data-[state=open]:pointer-events-auto has-data-[state=open]:[mask-position:0_0]\">\n<p>&nbsp;<\/p>\n<div class=\"flex items-center\"><\/div>\n<\/div>\n<\/div>\n<div class=\"mt-3 w-full empty:hidden\">\n<div class=\"text-center\"><\/div>\n<\/div>\n<div class=\"aria-live=polite absolute\">\n<div class=\"flex items-center justify-center\"><span class=\"flex items-center gap-1.5 select-none\"><span class=\"sr-only whitespace-nowrap! md:not-sr-only\">Preguntar a ChatGPT<\/span><\/span><\/div>\n<\/div>\n<\/div>\n<\/div>\n<\/article>\n<div class=\"pointer-events-none h-px w-px\" aria-hidden=\"true\" data-edge=\"true\"><\/div>\n<p>&nbsp;<\/p>\n","protected":false},"excerpt":{"rendered":"<p>Durante el acto en el que se formaliz\u00f3 la asunci\u00f3n de Diego Austin como secretario de Gobierno, el intendente Mat\u00edas Taccetta complet\u00f3 el esquema de su gabinete con la incorporaci\u00f3n de una funcionaria de trayectoria en la administraci\u00f3n p\u00fablica. En un acto realizado este mi\u00e9rcoles, el intendente de Esquel, Mat\u00edas Taccetta, oficializ\u00f3 la designaci\u00f3n de&#8230;<\/p>\n","protected":false},"author":4,"featured_media":290,"comment_status":"closed","ping_status":"closed","sticky":false,"template":"","format":"standard","meta":{"footnotes":""},"categories":[1],"tags":[],"class_list":["post-289","post","type-post","status-publish","format-standard","has-post-thumbnail","hentry","category-uncategorized"],"jetpack_featured_media_url":"https:\/\/radiofenix.com\/wp-content\/uploads\/2025\/07\/Taccetta-Marcelina-2.jpg","_links":{"self":[{"href":"https:\/\/radiofenix.com\/index.php\/wp-json\/wp\/v2\/posts\/289","targetHints":{"allow":["GET"]}}],"collection":[{"href":"https:\/\/radiofenix.com\/index.php\/wp-json\/wp\/v2\/posts"}],"about":[{"href":"https:\/\/radiofenix.com\/index.php\/wp-json\/wp\/v2\/types\/post"}],"author":[{"embeddable":true,"href":"https:\/\/radiofenix.com\/index.php\/wp-json\/wp\/v2\/users\/4"}],"replies":[{"embeddable":true,"href":"https:\/\/radiofenix.com\/index.php\/wp-json\/wp\/v2\/comments?post=289"}],"version-history":[{"count":3,"href":"https:\/\/radiofenix.com\/index.php\/wp-json\/wp\/v2\/posts\/289\/revisions"}],"predecessor-version":[{"id":294,"href":"https:\/\/radiofenix.com\/index.php\/wp-json\/wp\/v2\/posts\/289\/revisions\/294"}],"wp:featuredmedia":[{"embeddable":true,"href":"https:\/\/radiofenix.com\/index.php\/wp-json\/wp\/v2\/media\/290"}],"wp:attachment":[{"href":"https:\/\/radiofenix.com\/index.php\/wp-json\/wp\/v2\/media?parent=289"}],"wp:term":[{"taxonomy":"category","embeddable":true,"href":"https:\/\/radiofenix.com\/index.php\/wp-json\/wp\/v2\/categories?post=289"},{"taxonomy":"post_tag","embeddable":true,"href":"https:\/\/radiofenix.com\/index.php\/wp-json\/wp\/v2\/tags?post=289"}],"curies":[{"name":"wp","href":"https:\/\/api.w.org\/{rel}","templated":true}]}}