{"id":283,"date":"2025-06-26T17:21:46","date_gmt":"2025-06-26T20:21:46","guid":{"rendered":"https:\/\/radiofenix.com\/?p=283"},"modified":"2025-07-20T17:22:14","modified_gmt":"2025-07-20T20:22:14","slug":"integracion-binacional-esquel-y-futaleufu-avanzan-en-un-corredor-turistico-sostenible","status":"publish","type":"post","link":"https:\/\/radiofenix.com\/index.php\/2025\/06\/26\/integracion-binacional-esquel-y-futaleufu-avanzan-en-un-corredor-turistico-sostenible\/","title":{"rendered":"Integraci\u00f3n binacional: Esquel y Futaleuf\u00fa avanzan en un corredor tur\u00edstico sostenible"},"content":{"rendered":"<h2 class=\"article-deck\">El proyecto del Corredor Biol\u00f3gico Binacional busca conectar \u00e1reas protegidas de Argentina y Chile, promoviendo el turismo responsable y la protecci\u00f3n de especies aut\u00f3ctonas<\/h2>\n<p data-start=\"663\" data-end=\"946\">El proyecto integrar\u00e1 el <strong data-start=\"688\" data-end=\"719\">Parque Nacional Los Alerces<\/strong> (Argentina) con la <strong data-start=\"739\" data-end=\"769\">Reserva Nacional Futaleuf\u00fa<\/strong>, la <strong data-start=\"774\" data-end=\"801\">Reserva Nacional Palena<\/strong>, el <strong data-start=\"806\" data-end=\"833\">Parque Nacional Pumal\u00edn<\/strong> y el <strong data-start=\"839\" data-end=\"868\">Parque Nacional Corcovado<\/strong> (Chile), conformando un corredor natural de alto valor ecol\u00f3gico y tur\u00edstico.<\/p>\n<p data-start=\"948\" data-end=\"1206\">En este marco, se realiz\u00f3 una <strong data-start=\"978\" data-end=\"1011\">jornada de trabajo binacional<\/strong> en la comuna de <strong data-start=\"1028\" data-end=\"1041\">Futaleuf\u00fa<\/strong>, organizada por la <strong data-start=\"1061\" data-end=\"1099\">Subsecretar\u00eda de Turismo de Esquel<\/strong> y referentes de <strong data-start=\"1116\" data-end=\"1131\">CONAF Chile<\/strong>, con la participaci\u00f3n de autoridades y equipos t\u00e9cnicos de ambas naciones.<\/p>\n<p data-start=\"1208\" data-end=\"1576\">Estuvieron presentes la <strong data-start=\"1232\" data-end=\"1292\">subsecretaria de Turismo de Esquel, Florencia Andolfatti<\/strong>; la <strong data-start=\"1297\" data-end=\"1344\">jefa provincial de CONAF, Daniela Manosalva<\/strong>; el encargado provincial de \u00e1reas silvestres protegidas, <strong data-start=\"1402\" data-end=\"1423\">Eduardo Mora Mora<\/strong>; y el intendente del Parque Nacional Los Alerces, <strong data-start=\"1474\" data-end=\"1500\">Danilo Hern\u00e1ndez Ota\u00f1o<\/strong>, entre otros referentes de \u00e1reas de conservaci\u00f3n y turismo de ambos pa\u00edses.<\/p>\n<h3 data-start=\"1578\" data-end=\"1624\">Ejes comunes para el desarrollo sostenible<\/h3>\n<p data-start=\"1626\" data-end=\"1709\">Durante el encuentro se definieron tres ejes prioritarios para el trabajo conjunto:<\/p>\n<ol data-start=\"1711\" data-end=\"2125\">\n<li data-start=\"1711\" data-end=\"1836\">\n<p data-start=\"1714\" data-end=\"1836\"><strong data-start=\"1714\" data-end=\"1752\">Turismo sustentable y regenerativo<\/strong>, con foco en el manejo de servicios tur\u00edsticos en \u00e1reas naturales de uso p\u00fablico.<\/p>\n<\/li>\n<li data-start=\"1837\" data-end=\"1937\">\n<p data-start=\"1840\" data-end=\"1937\"><strong data-start=\"1840\" data-end=\"1873\">Prevenci\u00f3n y manejo del fuego<\/strong>, tema clave ante el riesgo creciente de incendios forestales.<\/p>\n<\/li>\n<li data-start=\"1938\" data-end=\"2125\">\n<p data-start=\"1941\" data-end=\"2125\"><strong data-start=\"1941\" data-end=\"1958\">Biodiversidad<\/strong>, con especial atenci\u00f3n al <strong data-start=\"1985\" data-end=\"2028\">registro y monitoreo de fauna aut\u00f3ctona<\/strong>, como el <strong data-start=\"2038\" data-end=\"2048\">huemul<\/strong>, especie en peligro de extinci\u00f3n que habita en ambos lados de la cordillera.<\/p>\n<\/li>\n<\/ol>\n<p data-start=\"2127\" data-end=\"2345\">El intercambio permiti\u00f3 compartir experiencias y generar acuerdos para una gesti\u00f3n ambiental coordinada, con \u00e9nfasis en la <strong data-start=\"2250\" data-end=\"2293\">protecci\u00f3n de especies transfronterizas<\/strong> y la <strong data-start=\"2299\" data-end=\"2344\">armonizaci\u00f3n de pr\u00e1cticas de conservaci\u00f3n<\/strong>.<\/p>\n<p data-start=\"2127\" data-end=\"2345\"><img loading=\"lazy\" decoding=\"async\" class=\"alignnone size-medium wp-image-285\" src=\"https:\/\/radiofenix.com\/wp-content\/uploads\/2025\/07\/Integracion-Chile-2-300x229.webp\" alt=\"\" width=\"300\" height=\"229\" srcset=\"https:\/\/radiofenix.com\/wp-content\/uploads\/2025\/07\/Integracion-Chile-2-300x229.webp 300w, https:\/\/radiofenix.com\/wp-content\/uploads\/2025\/07\/Integracion-Chile-2-768x586.webp 768w, https:\/\/radiofenix.com\/wp-content\/uploads\/2025\/07\/Integracion-Chile-2.webp 944w\" sizes=\"auto, (max-width: 300px) 100vw, 300px\" \/><\/p>\n<h3 data-start=\"2347\" data-end=\"2388\">Promoci\u00f3n conjunta y acciones futuras<\/h3>\n<p data-start=\"2390\" data-end=\"2767\">Florencia Andolfatti anunci\u00f3 que se trabajar\u00e1 en <strong data-start=\"2439\" data-end=\"2476\">campa\u00f1as de comunicaci\u00f3n conjunta<\/strong>, especialmente enfocadas en la pr\u00f3xima temporada de verano. \u201cQueremos reforzar la promoci\u00f3n tur\u00edstica de ambas regiones. Futaleuf\u00fa tiene una temporada de rafting muy fuerte, con visitantes de todo el mundo, y nosotros tambi\u00e9n contamos con atractivos naturales y culturales \u00fanicos\u201d, expres\u00f3.<\/p>\n<p data-start=\"2769\" data-end=\"3011\">En esa l\u00ednea, se colocar\u00e1n <strong data-start=\"2796\" data-end=\"2855\">c\u00f3digos QR en las oficinas de turismo de ambos destinos<\/strong>, para facilitar el acceso a informaci\u00f3n tur\u00edstica y fomentar la <strong data-start=\"2920\" data-end=\"2957\">capacitaci\u00f3n cruzada del personal<\/strong>, mejorando as\u00ed la experiencia del turista binacional.<\/p>\n<p data-start=\"3013\" data-end=\"3275\">En las pr\u00f3ximas semanas se prev\u00e9 realizar un <strong data-start=\"3058\" data-end=\"3085\">nuevo encuentro t\u00e9cnico<\/strong> con la participaci\u00f3n de la <strong data-start=\"3113\" data-end=\"3149\">Delegaci\u00f3n Provincial de Turismo<\/strong>, la <strong data-start=\"3154\" data-end=\"3177\">Secretar\u00eda de Pesca<\/strong>, la <strong data-start=\"3182\" data-end=\"3207\">Secretar\u00eda de Bosques<\/strong> y otros municipios de la regi\u00f3n interesados en sumarse al proyecto.<\/p>\n<p data-start=\"3277\" data-end=\"3537\">Adem\u00e1s, se organizar\u00e1 un recorrido por el <strong data-start=\"3319\" data-end=\"3350\">Parque Nacional Los Alerces<\/strong> y se presentar\u00e1n <strong data-start=\"3368\" data-end=\"3415\">acciones de promoci\u00f3n tur\u00edstica coordinadas<\/strong>, con el objetivo de proyectar de manera conjunta las diferentes temporadas y fortalecer la marca del corredor binacional.<\/p>\n","protected":false},"excerpt":{"rendered":"<p>El proyecto del Corredor Biol\u00f3gico Binacional busca conectar \u00e1reas protegidas de Argentina y Chile, promoviendo el turismo responsable y la protecci\u00f3n de especies aut\u00f3ctonas El proyecto integrar\u00e1 el Parque Nacional Los Alerces (Argentina) con la Reserva Nacional Futaleuf\u00fa, la Reserva Nacional Palena, el Parque Nacional Pumal\u00edn y el Parque Nacional Corcovado (Chile), conformando un corredor&#8230;<\/p>\n","protected":false},"author":4,"featured_media":284,"comment_status":"closed","ping_status":"closed","sticky":false,"template":"","format":"standard","meta":{"footnotes":""},"categories":[1],"tags":[],"class_list":["post-283","post","type-post","status-publish","format-standard","has-post-thumbnail","hentry","category-uncategorized"],"jetpack_featured_media_url":"https:\/\/radiofenix.com\/wp-content\/uploads\/2025\/07\/Integracion-chile-1.webp","_links":{"self":[{"href":"https:\/\/radiofenix.com\/index.php\/wp-json\/wp\/v2\/posts\/283","targetHints":{"allow":["GET"]}}],"collection":[{"href":"https:\/\/radiofenix.com\/index.php\/wp-json\/wp\/v2\/posts"}],"about":[{"href":"https:\/\/radiofenix.com\/index.php\/wp-json\/wp\/v2\/types\/post"}],"author":[{"embeddable":true,"href":"https:\/\/radiofenix.com\/index.php\/wp-json\/wp\/v2\/users\/4"}],"replies":[{"embeddable":true,"href":"https:\/\/radiofenix.com\/index.php\/wp-json\/wp\/v2\/comments?post=283"}],"version-history":[{"count":1,"href":"https:\/\/radiofenix.com\/index.php\/wp-json\/wp\/v2\/posts\/283\/revisions"}],"predecessor-version":[{"id":286,"href":"https:\/\/radiofenix.com\/index.php\/wp-json\/wp\/v2\/posts\/283\/revisions\/286"}],"wp:featuredmedia":[{"embeddable":true,"href":"https:\/\/radiofenix.com\/index.php\/wp-json\/wp\/v2\/media\/284"}],"wp:attachment":[{"href":"https:\/\/radiofenix.com\/index.php\/wp-json\/wp\/v2\/media?parent=283"}],"wp:term":[{"taxonomy":"category","embeddable":true,"href":"https:\/\/radiofenix.com\/index.php\/wp-json\/wp\/v2\/categories?post=283"},{"taxonomy":"post_tag","embeddable":true,"href":"https:\/\/radiofenix.com\/index.php\/wp-json\/wp\/v2\/tags?post=283"}],"curies":[{"name":"wp","href":"https:\/\/api.w.org\/{rel}","templated":true}]}}