{"id":278,"date":"2025-06-18T17:11:45","date_gmt":"2025-06-18T20:11:45","guid":{"rendered":"https:\/\/radiofenix.com\/?p=278"},"modified":"2025-07-20T17:12:38","modified_gmt":"2025-07-20T20:12:38","slug":"intendente-taccetta-esquel-tiene-ahora-una-agenda-de-desarrollo-y-generacion-de-empleo","status":"publish","type":"post","link":"https:\/\/radiofenix.com\/index.php\/2025\/06\/18\/intendente-taccetta-esquel-tiene-ahora-una-agenda-de-desarrollo-y-generacion-de-empleo\/","title":{"rendered":"Intendente Taccetta. Esquel Tiene ahora una agenda de desarrollo y generaci\u00f3n de empleo."},"content":{"rendered":"<h2 class=\"article-deck\">Junto al gobernador de Chubut, Ignacio Torres, el intendente recorri\u00f3 las obras que se ejecutan actualmente en la ciudad. Asegur\u00f3 que estas obras \u00abrepresentan oportunidades laborales para muchas familias\u00bb.<\/h2>\n<p data-start=\"614\" data-end=\"911\">La jornada comenz\u00f3 con una visita a la obra de <strong data-start=\"661\" data-end=\"701\">ampliaci\u00f3n del Hospital Zonal Esquel<\/strong>, ubicada en la intersecci\u00f3n de Roca y O\u2019Higgins. All\u00ed, las autoridades inspeccionaron los avances en la construcci\u00f3n de la nueva torre hospitalaria, una inversi\u00f3n fundamental para el sistema de salud regional.<\/p>\n<p data-start=\"913\" data-end=\"1116\">Esta infraestructura permitir\u00e1 mejorar sensiblemente la atenci\u00f3n m\u00e9dica no solo en Esquel, sino tambi\u00e9n en al menos <strong data-start=\"1029\" data-end=\"1061\">14 localidades cordilleranas<\/strong> que dependen de este centro asistencial de referencia.<\/p>\n<p data-start=\"1118\" data-end=\"1550\">Luego, el mandatario provincial y el jefe comunal se trasladaron al <strong data-start=\"1186\" data-end=\"1205\">barrio Estaci\u00f3n<\/strong>, donde se est\u00e1n construyendo <strong data-start=\"1235\" data-end=\"1251\">50 viviendas<\/strong>. En el lugar, <strong data-start=\"1266\" data-end=\"1322\">20 unidades ya cuentan con la planta alta finalizada<\/strong>, mientras que otras <strong data-start=\"1343\" data-end=\"1379\">6 se encuentran en etapa de losa<\/strong>. En las pr\u00f3ximas semanas, se espera completar el techado de otras <strong data-start=\"1446\" data-end=\"1457\">8 casas<\/strong> y avanzar en los muros de contenci\u00f3n necesarios para iniciar las <strong data-start=\"1523\" data-end=\"1549\">24 viviendas restantes<\/strong>.<\/p>\n<p data-start=\"1118\" data-end=\"1550\"><img loading=\"lazy\" decoding=\"async\" class=\"alignnone size-medium wp-image-280\" src=\"https:\/\/radiofenix.com\/wp-content\/uploads\/2025\/07\/Torres-Taccetta-recorriendo-obras-300x200.webp\" alt=\"\" width=\"300\" height=\"200\" srcset=\"https:\/\/radiofenix.com\/wp-content\/uploads\/2025\/07\/Torres-Taccetta-recorriendo-obras-300x200.webp 300w, https:\/\/radiofenix.com\/wp-content\/uploads\/2025\/07\/Torres-Taccetta-recorriendo-obras-1024x683.webp 1024w, https:\/\/radiofenix.com\/wp-content\/uploads\/2025\/07\/Torres-Taccetta-recorriendo-obras-768x512.webp 768w, https:\/\/radiofenix.com\/wp-content\/uploads\/2025\/07\/Torres-Taccetta-recorriendo-obras.webp 1080w\" sizes=\"auto, (max-width: 300px) 100vw, 300px\" \/><\/p>\n<p data-start=\"1552\" data-end=\"1885\">Otro de los puntos destacados del recorrido fue la obra del <strong data-start=\"1612\" data-end=\"1627\">Hotel Carao<\/strong>, que se convertir\u00e1 en el <strong data-start=\"1653\" data-end=\"1685\">primer hotel cinco estrellas<\/strong> de Esquel. Se trata de un proyecto tur\u00edstico de envergadura, financiado por capitales privados, que avanza a buen ritmo y que promete marcar un antes y un despu\u00e9s en el perfil tur\u00edstico de la ciudad.<\/p>\n<p data-start=\"1887\" data-end=\"2035\">En total, entre la construcci\u00f3n de viviendas y el nuevo hotel, se estima que hoy trabajan <strong data-start=\"1977\" data-end=\"2005\">alrededor de 250 vecinos<\/strong> del rubro de la construcci\u00f3n.<\/p>\n<p data-start=\"1887\" data-end=\"2035\"><img loading=\"lazy\" decoding=\"async\" class=\"alignnone size-medium wp-image-281\" src=\"https:\/\/radiofenix.com\/wp-content\/uploads\/2025\/07\/Torres-Taccetta-recorriendo-obras-2-300x200.webp\" alt=\"\" width=\"300\" height=\"200\" srcset=\"https:\/\/radiofenix.com\/wp-content\/uploads\/2025\/07\/Torres-Taccetta-recorriendo-obras-2-300x200.webp 300w, https:\/\/radiofenix.com\/wp-content\/uploads\/2025\/07\/Torres-Taccetta-recorriendo-obras-2-1024x683.webp 1024w, https:\/\/radiofenix.com\/wp-content\/uploads\/2025\/07\/Torres-Taccetta-recorriendo-obras-2-768x512.webp 768w, https:\/\/radiofenix.com\/wp-content\/uploads\/2025\/07\/Torres-Taccetta-recorriendo-obras-2.webp 1080w\" sizes=\"auto, (max-width: 300px) 100vw, 300px\" \/><\/p>\n<h3 data-start=\"2037\" data-end=\"2089\">\u201cEsquel tiene hoy una agenda de desarrollo real\u201d<\/h3>\n<p data-start=\"2091\" data-end=\"2288\">El intendente Taccetta subray\u00f3 la importancia de estas obras, no solo por el impacto que tendr\u00e1n en infraestructura y servicios, sino tambi\u00e9n por el efecto directo que generan en la econom\u00eda local.<\/p>\n<p data-start=\"2290\" data-end=\"2592\">\u201cEstas obras son fundamentales, no solo por lo que significan en t\u00e9rminos de infraestructura, sino porque <strong data-start=\"2396\" data-end=\"2445\">representan oportunidades laborales concretas<\/strong> para muchas familias de Esquel y de Alto R\u00edo Percy, en un momento del a\u00f1o en el que es clave mantener el nivel de empleo\u201d, se\u00f1al\u00f3 el jefe comunal.<\/p>\n<p data-start=\"2594\" data-end=\"2819\">Taccetta remarc\u00f3 adem\u00e1s que tanto las obras p\u00fablicas como las privadas forman parte de una <strong data-start=\"2685\" data-end=\"2740\">planificaci\u00f3n coordinada con el Gobierno Provincial<\/strong>, con el prop\u00f3sito de sostener un modelo de desarrollo integral para la ciudad.<\/p>\n<p data-start=\"2821\" data-end=\"3007\">\u201cTenemos una agenda clara que prioriza la <strong data-start=\"2863\" data-end=\"2918\">inversi\u00f3n, el crecimiento y la generaci\u00f3n de empleo<\/strong>. Es el camino que estamos recorriendo junto al gobernador Torres y su equipo\u201d, concluy\u00f3.<\/p>\n","protected":false},"excerpt":{"rendered":"<p>Junto al gobernador de Chubut, Ignacio Torres, el intendente recorri\u00f3 las obras que se ejecutan actualmente en la ciudad. Asegur\u00f3 que estas obras \u00abrepresentan oportunidades laborales para muchas familias\u00bb. La jornada comenz\u00f3 con una visita a la obra de ampliaci\u00f3n del Hospital Zonal Esquel, ubicada en la intersecci\u00f3n de Roca y O\u2019Higgins. All\u00ed, las autoridades&#8230;<\/p>\n","protected":false},"author":4,"featured_media":279,"comment_status":"closed","ping_status":"closed","sticky":false,"template":"","format":"standard","meta":{"footnotes":""},"categories":[1],"tags":[],"class_list":["post-278","post","type-post","status-publish","format-standard","has-post-thumbnail","hentry","category-uncategorized"],"jetpack_featured_media_url":"https:\/\/radiofenix.com\/wp-content\/uploads\/2025\/07\/Hotel-Carao-1.webp","_links":{"self":[{"href":"https:\/\/radiofenix.com\/index.php\/wp-json\/wp\/v2\/posts\/278","targetHints":{"allow":["GET"]}}],"collection":[{"href":"https:\/\/radiofenix.com\/index.php\/wp-json\/wp\/v2\/posts"}],"about":[{"href":"https:\/\/radiofenix.com\/index.php\/wp-json\/wp\/v2\/types\/post"}],"author":[{"embeddable":true,"href":"https:\/\/radiofenix.com\/index.php\/wp-json\/wp\/v2\/users\/4"}],"replies":[{"embeddable":true,"href":"https:\/\/radiofenix.com\/index.php\/wp-json\/wp\/v2\/comments?post=278"}],"version-history":[{"count":1,"href":"https:\/\/radiofenix.com\/index.php\/wp-json\/wp\/v2\/posts\/278\/revisions"}],"predecessor-version":[{"id":282,"href":"https:\/\/radiofenix.com\/index.php\/wp-json\/wp\/v2\/posts\/278\/revisions\/282"}],"wp:featuredmedia":[{"embeddable":true,"href":"https:\/\/radiofenix.com\/index.php\/wp-json\/wp\/v2\/media\/279"}],"wp:attachment":[{"href":"https:\/\/radiofenix.com\/index.php\/wp-json\/wp\/v2\/media?parent=278"}],"wp:term":[{"taxonomy":"category","embeddable":true,"href":"https:\/\/radiofenix.com\/index.php\/wp-json\/wp\/v2\/categories?post=278"},{"taxonomy":"post_tag","embeddable":true,"href":"https:\/\/radiofenix.com\/index.php\/wp-json\/wp\/v2\/tags?post=278"}],"curies":[{"name":"wp","href":"https:\/\/api.w.org\/{rel}","templated":true}]}}