{"id":274,"date":"2025-06-13T16:53:48","date_gmt":"2025-06-13T19:53:48","guid":{"rendered":"https:\/\/radiofenix.com\/?p=274"},"modified":"2025-07-20T17:00:44","modified_gmt":"2025-07-20T20:00:44","slug":"ignacio-torres-se-reunira-con-francos-y-otros-gobernadores-por-coparticipacion-y-un-nuevo-pacto-fiscal","status":"publish","type":"post","link":"https:\/\/radiofenix.com\/index.php\/2025\/06\/13\/ignacio-torres-se-reunira-con-francos-y-otros-gobernadores-por-coparticipacion-y-un-nuevo-pacto-fiscal\/","title":{"rendered":"Ignacio Torres se reunir\u00e1 con Francos y otros gobernadores por coparticipaci\u00f3n y un nuevo pacto fiscal"},"content":{"rendered":"<p>En el encuentro en la Casa de Gobierno Nacional se analizar\u00e1 el tema de la obra p\u00fablica y una necesaria reforma fiscal<\/p>\n<p>&nbsp;<\/p>\n<p data-start=\"296\" data-end=\"558\">El gobernador <strong data-start=\"310\" data-end=\"336\">Ignacio \u201cNacho\u201d Torres<\/strong> participar\u00e1 este <strong data-start=\"354\" data-end=\"365\">viernes<\/strong> de una reuni\u00f3n clave en la <strong data-start=\"393\" data-end=\"408\">Casa Rosada<\/strong> con el jefe de Gabinete de la Naci\u00f3n, <strong data-start=\"447\" data-end=\"468\">Guillermo Francos<\/strong>, en la que se abordar\u00e1n temas sensibles para Chubut y para el conjunto de las provincias.<\/p>\n<p data-start=\"560\" data-end=\"785\">Seg\u00fan se inform\u00f3, el encuentro tendr\u00e1 lugar a media ma\u00f1ana y pondr\u00e1 sobre la mesa la <strong data-start=\"645\" data-end=\"676\">ca\u00edda de la coparticipaci\u00f3n<\/strong>, la <strong data-start=\"681\" data-end=\"716\">paralizaci\u00f3n de la obra p\u00fablica<\/strong> y la posibilidad de avanzar hacia <strong data-start=\"751\" data-end=\"784\">un nuevo pacto fiscal federal<\/strong>.<\/p>\n<p data-start=\"787\" data-end=\"1053\">\u201cSer\u00e1 para ir trazando un camino hacia una reforma fiscal que creo que va a ser muy positiva para la Argentina que produce, que genera trabajo, divisas y que necesita una reparaci\u00f3n hist\u00f3rica\u201d, se\u00f1al\u00f3 el mandatario chubutense al confirmar su presencia en la reuni\u00f3n.<\/p>\n<h3 data-start=\"1055\" data-end=\"1119\">Pesca paralizada: reuni\u00f3n previa en la Secretar\u00eda de Trabajo<\/h3>\n<p data-start=\"1121\" data-end=\"1396\">Antes de su llegada a Casa Rosada, Torres mantendr\u00e1 tambi\u00e9n un <strong data-start=\"1184\" data-end=\"1238\">encuentro en la Secretar\u00eda de Trabajo de la Naci\u00f3n<\/strong>, donde buscar\u00e1 <strong data-start=\"1254\" data-end=\"1328\">destrabar el conflicto que mantiene paralizada la zafra del langostino<\/strong>, una de las actividades econ\u00f3micas m\u00e1s importantes de la provincia.<\/p>\n<p data-start=\"1398\" data-end=\"1610\">\u201cHay un d\u00f3lar que no es competitivo y el mercado est\u00e1 sufriendo tambi\u00e9n el impacto del crecimiento de una competencia muy fuerte, como el langostino de cultivo, que hizo bajar los precios\u201d, explic\u00f3 el Gobernador.<\/p>\n<p data-start=\"1612\" data-end=\"1780\">Y agreg\u00f3: \u201cEs necesario sentarse a discutir soluciones para hacer <strong data-start=\"1678\" data-end=\"1705\">econ\u00f3micamente rentable<\/strong> la actividad. Si no lo hacemos, es como pegarnos un tiro en el pie todos\u201d.<\/p>\n<p data-start=\"1782\" data-end=\"1973\">El gobierno provincial considera que se necesita con urgencia <strong data-start=\"1844\" data-end=\"1913\">una mesa de trabajo entre Naci\u00f3n, las empresas y los trabajadores<\/strong>, para evitar que la crisis del sector siga profundiz\u00e1ndose.<\/p>\n","protected":false},"excerpt":{"rendered":"<p>En el encuentro en la Casa de Gobierno Nacional se analizar\u00e1 el tema de la obra p\u00fablica y una necesaria reforma fiscal &nbsp; El gobernador Ignacio \u201cNacho\u201d Torres participar\u00e1 este viernes de una reuni\u00f3n clave en la Casa Rosada con el jefe de Gabinete de la Naci\u00f3n, Guillermo Francos, en la que se abordar\u00e1n temas&#8230;<\/p>\n","protected":false},"author":4,"featured_media":275,"comment_status":"closed","ping_status":"closed","sticky":false,"template":"","format":"standard","meta":{"footnotes":""},"categories":[1],"tags":[],"class_list":["post-274","post","type-post","status-publish","format-standard","has-post-thumbnail","hentry","category-uncategorized"],"jetpack_featured_media_url":"https:\/\/radiofenix.com\/wp-content\/uploads\/2025\/07\/Torres-con-Francos-1.webp","_links":{"self":[{"href":"https:\/\/radiofenix.com\/index.php\/wp-json\/wp\/v2\/posts\/274","targetHints":{"allow":["GET"]}}],"collection":[{"href":"https:\/\/radiofenix.com\/index.php\/wp-json\/wp\/v2\/posts"}],"about":[{"href":"https:\/\/radiofenix.com\/index.php\/wp-json\/wp\/v2\/types\/post"}],"author":[{"embeddable":true,"href":"https:\/\/radiofenix.com\/index.php\/wp-json\/wp\/v2\/users\/4"}],"replies":[{"embeddable":true,"href":"https:\/\/radiofenix.com\/index.php\/wp-json\/wp\/v2\/comments?post=274"}],"version-history":[{"count":2,"href":"https:\/\/radiofenix.com\/index.php\/wp-json\/wp\/v2\/posts\/274\/revisions"}],"predecessor-version":[{"id":277,"href":"https:\/\/radiofenix.com\/index.php\/wp-json\/wp\/v2\/posts\/274\/revisions\/277"}],"wp:featuredmedia":[{"embeddable":true,"href":"https:\/\/radiofenix.com\/index.php\/wp-json\/wp\/v2\/media\/275"}],"wp:attachment":[{"href":"https:\/\/radiofenix.com\/index.php\/wp-json\/wp\/v2\/media?parent=274"}],"wp:term":[{"taxonomy":"category","embeddable":true,"href":"https:\/\/radiofenix.com\/index.php\/wp-json\/wp\/v2\/categories?post=274"},{"taxonomy":"post_tag","embeddable":true,"href":"https:\/\/radiofenix.com\/index.php\/wp-json\/wp\/v2\/tags?post=274"}],"curies":[{"name":"wp","href":"https:\/\/api.w.org\/{rel}","templated":true}]}}