{"id":269,"date":"2025-06-05T16:44:37","date_gmt":"2025-06-05T19:44:37","guid":{"rendered":"https:\/\/radiofenix.com\/?p=269"},"modified":"2025-07-20T17:01:51","modified_gmt":"2025-07-20T20:01:51","slug":"argentina-avanza-en-proyectos-para-conservar-los-bosques-patagonicos-con-apoyo-internacional","status":"publish","type":"post","link":"https:\/\/radiofenix.com\/index.php\/2025\/06\/05\/argentina-avanza-en-proyectos-para-conservar-los-bosques-patagonicos-con-apoyo-internacional\/","title":{"rendered":"Argentina avanza en proyectos para conservar los bosques patag\u00f3nicos con apoyo internacional"},"content":{"rendered":"<p data-start=\"263\" data-end=\"927\"><strong data-start=\"263\" data-end=\"275\">ESQUEL.\u00a0\u2013<\/strong> El Centro de Investigaci\u00f3n y Extensi\u00f3n Forestal Andino Patag\u00f3nico (CIEFAP), con sede en esta ciudad, fue el escenario de un encuentro clave entre representantes de la Organizaci\u00f3n de las Naciones Unidas para la Alimentaci\u00f3n y la Agricultura (FAO), la Subsecretar\u00eda de Ambiente de la Naci\u00f3n, autoridades provinciales de la Patagonia y referentes t\u00e9cnicos, legales y administrativos de la instituci\u00f3n anfitriona. El objetivo: avanzar en la formulaci\u00f3n de los <strong data-start=\"733\" data-end=\"779\">Proyectos de Pagos por Resultados de REDD+<\/strong>, una iniciativa financiada por el <strong data-start=\"814\" data-end=\"839\">Fondo Verde del Clima<\/strong> que busca reducir emisiones derivadas de la deforestaci\u00f3n y degradaci\u00f3n de los bosques.<\/p>\n<p data-start=\"929\" data-end=\"1418\">La reuni\u00f3n marca un paso firme en la implementaci\u00f3n de este programa internacional que apunta a <strong data-start=\"1025\" data-end=\"1056\">mitigar el cambio clim\u00e1tico<\/strong>, mediante la <strong data-start=\"1070\" data-end=\"1130\">conservaci\u00f3n y gesti\u00f3n sostenible de los bosques nativos<\/strong>, al tiempo que promueve <strong data-start=\"1155\" data-end=\"1215\">mejoras en la calidad de vida de las comunidades locales<\/strong>. La propuesta es liderada por la FAO y la Subsecretar\u00eda de Ambiente nacional, con participaci\u00f3n activa de las cinco provincias patag\u00f3nicas: <strong data-start=\"1356\" data-end=\"1417\">Chubut, Santa Cruz, Tierra del Fuego, R\u00edo Negro y Neuqu\u00e9n<\/strong>.<\/p>\n<p data-start=\"1420\" data-end=\"1688\">El CIEFAP actuar\u00e1 como <strong data-start=\"1443\" data-end=\"1480\">Entidad T\u00e9cnica Formuladora (ETF)<\/strong> del proyecto, coordinando acciones regionales y dise\u00f1ando planes con impacto territorial. La instancia busc\u00f3 facilitar el di\u00e1logo interinstitucional y avanzar en la definici\u00f3n de l\u00edneas de trabajo conjuntas.<\/p>\n<p data-start=\"1690\" data-end=\"2107\"><img loading=\"lazy\" decoding=\"async\" class=\"alignnone size-medium wp-image-271\" src=\"https:\/\/radiofenix.com\/wp-content\/uploads\/2025\/07\/Ciefap-4-300x169.webp\" alt=\"\" width=\"300\" height=\"169\" srcset=\"https:\/\/radiofenix.com\/wp-content\/uploads\/2025\/07\/Ciefap-4-300x169.webp 300w, https:\/\/radiofenix.com\/wp-content\/uploads\/2025\/07\/Ciefap-4.webp 640w\" sizes=\"auto, (max-width: 300px) 100vw, 300px\" \/>\u00a0La comitiva de la <strong data-start=\"1708\" data-end=\"1725\">FAO Argentina<\/strong> estuvo encabezada por <strong data-start=\"1748\" data-end=\"1767\">Francisco Yofr\u00e9<\/strong>, Coordinador General del Proyecto REDD+, y <strong data-start=\"1811\" data-end=\"1826\">\u00c1ngel Parra<\/strong>, asesor t\u00e9cnico principal. Por parte del gobierno nacional participaron <strong data-start=\"1899\" data-end=\"1918\">Paola Dubokovic<\/strong>, Coordinadora Institucional del Proyecto PPR en la Direcci\u00f3n de Bosques Nativos; <strong data-start=\"2000\" data-end=\"2019\">Nadia Griffiths<\/strong>, t\u00e9cnica de la unidad regional 7; y <strong data-start=\"2056\" data-end=\"2070\">Lara Haure<\/strong>, de la Unidad de Extensi\u00f3n Forestal.<\/p>\n<p data-start=\"2109\" data-end=\"2748\">En representaci\u00f3n de las provincias, participaron funcionarios de \u00e1reas de bosque y ambiente de las cinco jurisdicciones patag\u00f3nicas, mientras que el equipo del CIEFAP estuvo integrado por el <strong data-start=\"2301\" data-end=\"2326\">Dr. Guillermo Defoss\u00e9<\/strong>, presidente del Consejo Directivo y actual secretario de Ciencia y Tecnolog\u00eda de Chubut; la <strong data-start=\"2419\" data-end=\"2442\">Ing. Claudia Zapata<\/strong>, directora ejecutiva interina; y los coordinadores de \u00e1reas clave del proyecto: <strong data-start=\"2523\" data-end=\"2562\">Dr. Jos\u00e9 Bava y Dra. Marina Caselli<\/strong> (manejo de cuencas forestales), <strong data-start=\"2595\" data-end=\"2623\">Ing. Ftal. Marcela Godoy<\/strong> (prevenci\u00f3n de incendios forestales) y <strong data-start=\"2663\" data-end=\"2683\">Lic. Carla Nowak<\/strong> (planes comunitarios y programa Productoras de Bosques Nativos).<\/p>\n<p data-start=\"2750\" data-end=\"2871\">Tambi\u00e9n formaron parte del equipo t\u00e9cnico del CIEFAP el contador <strong data-start=\"2815\" data-end=\"2830\">Diego Godoy<\/strong> y la asesora legal <strong data-start=\"2850\" data-end=\"2870\">Laura Mendinueta<\/strong>.<\/p>\n<p data-start=\"2873\" data-end=\"3208\">Este encuentro se produce en el marco de las recientes definiciones del Consejo Directivo del CIEFAP, que en su \u00faltima sesi\u00f3n \u2013presidida por la provincia del Chubut\u2013 resolvi\u00f3 por unanimidad profundizar los acuerdos internacionales vinculados a proyectos cient\u00edfico-tecnol\u00f3gicos de inter\u00e9s foresto-industrial y ambiental para la regi\u00f3n.<\/p>\n<p data-start=\"3210\" data-end=\"3474\">La articulaci\u00f3n con FAO y Ambiente Naci\u00f3n, en torno al programa REDD+, representa un avance concreto hacia ese objetivo estrat\u00e9gico, alineando las metas de conservaci\u00f3n, desarrollo local y sostenibilidad con las necesidades y capacidades de la Patagonia argentina.<\/p>\n","protected":false},"excerpt":{"rendered":"<p>ESQUEL.\u00a0\u2013 El Centro de Investigaci\u00f3n y Extensi\u00f3n Forestal Andino Patag\u00f3nico (CIEFAP), con sede en esta ciudad, fue el escenario de un encuentro clave entre representantes de la Organizaci\u00f3n de las Naciones Unidas para la Alimentaci\u00f3n y la Agricultura (FAO), la Subsecretar\u00eda de Ambiente de la Naci\u00f3n, autoridades provinciales de la Patagonia y referentes t\u00e9cnicos, legales&#8230;<\/p>\n","protected":false},"author":4,"featured_media":270,"comment_status":"closed","ping_status":"closed","sticky":false,"template":"","format":"standard","meta":{"footnotes":""},"categories":[1],"tags":[],"class_list":["post-269","post","type-post","status-publish","format-standard","has-post-thumbnail","hentry","category-uncategorized"],"jetpack_featured_media_url":"https:\/\/radiofenix.com\/wp-content\/uploads\/2025\/07\/Ciefap-1.webp","_links":{"self":[{"href":"https:\/\/radiofenix.com\/index.php\/wp-json\/wp\/v2\/posts\/269","targetHints":{"allow":["GET"]}}],"collection":[{"href":"https:\/\/radiofenix.com\/index.php\/wp-json\/wp\/v2\/posts"}],"about":[{"href":"https:\/\/radiofenix.com\/index.php\/wp-json\/wp\/v2\/types\/post"}],"author":[{"embeddable":true,"href":"https:\/\/radiofenix.com\/index.php\/wp-json\/wp\/v2\/users\/4"}],"replies":[{"embeddable":true,"href":"https:\/\/radiofenix.com\/index.php\/wp-json\/wp\/v2\/comments?post=269"}],"version-history":[{"count":2,"href":"https:\/\/radiofenix.com\/index.php\/wp-json\/wp\/v2\/posts\/269\/revisions"}],"predecessor-version":[{"id":273,"href":"https:\/\/radiofenix.com\/index.php\/wp-json\/wp\/v2\/posts\/269\/revisions\/273"}],"wp:featuredmedia":[{"embeddable":true,"href":"https:\/\/radiofenix.com\/index.php\/wp-json\/wp\/v2\/media\/270"}],"wp:attachment":[{"href":"https:\/\/radiofenix.com\/index.php\/wp-json\/wp\/v2\/media?parent=269"}],"wp:term":[{"taxonomy":"category","embeddable":true,"href":"https:\/\/radiofenix.com\/index.php\/wp-json\/wp\/v2\/categories?post=269"},{"taxonomy":"post_tag","embeddable":true,"href":"https:\/\/radiofenix.com\/index.php\/wp-json\/wp\/v2\/tags?post=269"}],"curies":[{"name":"wp","href":"https:\/\/api.w.org\/{rel}","templated":true}]}}