{"id":247,"date":"2025-05-14T12:13:35","date_gmt":"2025-05-14T15:13:35","guid":{"rendered":"https:\/\/radiofenix.com\/?p=247"},"modified":"2025-06-24T12:27:43","modified_gmt":"2025-06-24T15:27:43","slug":"el-gobernador-llamo-a-una-reforma-fiscal-que-escuche-al-campo-y-a-la-argentina-que-produce","status":"publish","type":"post","link":"https:\/\/radiofenix.com\/index.php\/2025\/05\/14\/el-gobernador-llamo-a-una-reforma-fiscal-que-escuche-al-campo-y-a-la-argentina-que-produce\/","title":{"rendered":"El Gobernador llam\u00f3 a una reforma fiscal que escuche al campo y a la Argentina que produce"},"content":{"rendered":"<div dir=\"auto\"><strong>Nacho Torres llam\u00f3 a una reforma fiscal que escuche al campo y a la Argentina que produce<\/strong><\/div>\n<div dir=\"auto\"><\/div>\n<div dir=\"auto\"><em>El mandatario chubutense fue uno de los principales oradores en JONAGRO 2025, evento que reuni\u00f3 en la ciudad de Buenos Aires a funcionarios, economistas y representantes del sector privado de todo el pa\u00eds. En su exposici\u00f3n, llam\u00f3 a \u201cdiscutir una reforma fiscal y sostener pol\u00edticas de Estado a mediano y largo plazo, sin especulaciones ni oportunismo pol\u00edtico\u201d, y agreg\u00f3: \u201cHoy la prioridad es quitarle el pie de encima a la producci\u00f3n\u201d.<\/em><\/div>\n<div dir=\"auto\"><\/div>\n<div dir=\"auto\">El gobernador del Chubut, Ignacio \u201cNacho\u201d Torres, particip\u00f3 este martes de una nueva edici\u00f3n de la Jornada Nacional Agropecuaria (Jonagro) desarrollada en la Bolsa de Cereales de la ciudad de Buenos Aires. En su disertaci\u00f3n, el mandatario inst\u00f3 a \u201cescuchar a la Argentina productiva, discutir una reforma fiscal y trazar el camino con pol\u00edticas de estado a mediano y largo plazo, para que nunca m\u00e1s vuelva a ponerse en duda la importancia del mal llamado interior del pa\u00eds\u201d.<\/div>\n<div dir=\"auto\"><\/div>\n<div dir=\"auto\">\u201cHoy la prioridad es tener una mirada m\u00e1s amplia y dar una discusi\u00f3n de una reforma fiscal que apunte a tener una matriz menos regresiva, menos distorsiva y menos centralista\u201d, se\u00f1al\u00f3 el titular del Ejecutivo chubutense en el panel que integr\u00f3 junto a sus pares de las provincias de Entre R\u00edos, Rogelio Frigerio; y de Corrientes, Gustavo Vald\u00e9s.<\/div>\n<div dir=\"auto\"><\/div>\n<div dir=\"auto\">Ante funcionarios nacionales, economistas, dirigentes gremiales y representantes del sector privado, el gobernador asegur\u00f3 que \u201clo importante es tener la humildad suficiente para escuchar a esa Argentina que produce, que trabaja, que genera\u201d e indic\u00f3 que \u201cesa es la \u00fanica forma en la que vamos a poder sostener pol\u00edticas de estado donde la dirigencia no especule sistem\u00e1ticamente con el costo o con el oportunismo pol\u00edtico de la coyuntura\u201d.<\/div>\n<div dir=\"auto\"><\/div>\n<div dir=\"auto\"><strong>Competitividad<\/strong><\/div>\n<div dir=\"auto\"><\/div>\n<div dir=\"auto\">Bajo el lema \u201cLibertad para producir, competitividad para crecer\u201d, el evento estuvo encabezado por el presidente de las Confederaciones Rurales Argentinas (CRA), Carlos Castagnani y el titular de la Bolsa de Cereales, Ricardo Marra. Participaron adem\u00e1s el presidente de la Sociedad Rural Argentina, Nicol\u00e1s Pino; el secretario de Agricultura, Ganader\u00eda y Pesca, Sergio Iraeta; y el secretario general del Consejo Federal de Inversiones (CFI), Ignacio Lamothe.<\/div>\n<div dir=\"auto\"><\/div>\n<div dir=\"auto\">En ese marco, Torres se\u00f1al\u00f3 que \u201ccuando se discut\u00eda el atraso cambiario y algunos cre\u00edan que era necesario militar una devaluaci\u00f3n, tuvimos la humildad suficiente de escuchar, de ser prudentes y poner un voto de confianza a algo que es una discusi\u00f3n preideol\u00f3gica\u201d.<\/div>\n<div dir=\"auto\"><\/div>\n<div dir=\"auto\">Sostuvo que en Chubut \u201cfue un a\u00f1o muy dif\u00edcil para el sector, sobre todo para la ganader\u00eda ovina donde tuvimos nevadas sin precedentes y donde, si bien seguimos siendo la provincia con el mayor stock ovino de la Argentina, viene bajando sistem\u00e1ticamente\u201d.<\/div>\n<div dir=\"auto\"><\/div>\n<div dir=\"auto\">El mandatario indic\u00f3 que, ante este escenario, \u201clo que decidimos hacer es juntarnos con el sector privado y establecer algunas pautas: primero alivio fiscal, eximiendo a los productores del impuesto inmobiliario rural, bajando tambi\u00e9n ingresos brutos y eliminando tasas ins\u00f3litas, como la del zorro\u201d.<\/div>\n<div dir=\"auto\"><\/div>\n<div dir=\"auto\">Al respecto, el gobernador precis\u00f3 que \u201cninguna actividad es viable si es antiecon\u00f3mica, y para hacer competitiva una actividad, es necesario que tanto el Estado, a trav\u00e9s de reformas fiscales, como el privado y los representantes de los trabajadores, seamos plenamente conscientes que la revoluci\u00f3n que hay que dar ahora es la de la competitividad\u201d.<\/div>\n<div dir=\"auto\"><\/div>\n<div dir=\"auto\">Indic\u00f3, adem\u00e1s, que \u201cuna variable de la que no se habla mucho pero que es determinante para ser una Argentina competitiva es la infraestructura. C\u00f3mo vamos a lograr exportar m\u00e1s y generar m\u00e1s divisas que desesperadamente necesita la Naci\u00f3n, si nuestras rutas y nuestros puertos est\u00e1n hechos un desastre\u201d.<\/div>\n<div dir=\"auto\"><\/div>\n<div dir=\"auto\"><strong>Hacia un pa\u00eds federal<\/strong><\/div>\n<div dir=\"auto\"><\/div>\n<div dir=\"auto\">En otro tramo de su mensaje, el mandatario chubutense consider\u00f3 que \u201ccuando vemos la distribuci\u00f3n geogr\u00e1fica del gasto, es decir, c\u00f3mo se distribuye el esfuerzo de todos los contribuyentes, vemos que somos un pa\u00eds federal en los papeles, pero profundamente centralista en la ejecuci\u00f3n de los recursos\u201d.<\/div>\n<div dir=\"auto\"><\/div>\n<div dir=\"auto\">Asimismo, asegur\u00f3 que \u201cla mitad de esas divisas se generan en la Patagonia Sur, donde nuestros productores hacen patria y est\u00e1n poblando campos de frontera que son estrat\u00e9gicos para la Naci\u00f3n\u201d.<\/div>\n<div dir=\"auto\"><\/div>\n<div dir=\"auto\">\u201cSoy optimista\u201d, expres\u00f3 finalmente el gobernador y agreg\u00f3: \u201cAvizoro una esperanza para nuestro pa\u00eds, porque veo que ya no es tab\u00fa discutir algunas cuestiones y tambi\u00e9n veo que podemos salir de esa discusi\u00f3n preideol\u00f3gica, de esa Argentina pendular que debemos refundar cada cuatro a\u00f1os\u201d, a\u00f1adiendo por \u00faltimo que \u201cestoy firmemente convencido de que Chubut seguir\u00e1 siendo protagonista en la construcci\u00f3n de una Argentina m\u00e1s justa, federal y productiva.\u201d<\/div>\n<div dir=\"auto\"><\/div>\n<div dir=\"auto\"><strong>Expositores<\/strong><\/div>\n<div dir=\"auto\"><\/div>\n<div dir=\"auto\">Referentes del \u00e1mbito pol\u00edtico, econ\u00f3mico, empresarial e institucional aportaron su visi\u00f3n sobre la realidad del sector a nivel nacional en una jornada de debate y proyecci\u00f3n respecto al futuro del campo argentino.<\/div>\n<div dir=\"auto\"><\/div>\n<div dir=\"auto\">Adem\u00e1s de Torres y gobernadores de otras provincias argentinas; expusieron en los distintos bloques tem\u00e1ticos el CEO de Bayer, Juan Farinati; el CEO de Corteva, Juan Lariguet; el CEO de Corven, Leandro Iraola; el presidente de Indram S.A. y C\u00e1mara de Comercio de China-Argentina, Sergio Spadone; los economistas Salvador Di Stefano; Marina Dal Poggetto y Gustavo Lazzari; los directores del Banco Central de la Rep\u00fablica Argentina, Federico Furiase; y del Banco Galicia, Gast\u00f3n Bourdieu; y los presidentes de Ateneo CRA y Fundaci\u00f3n CRA, Valentino Costamagna y Santiago Alem, respectivamente.<img loading=\"lazy\" decoding=\"async\" class=\"alignnone size-medium wp-image-237\" src=\"https:\/\/radiofenix.com\/wp-content\/uploads\/2025\/06\/IMG-20250513-WA0088-2-300x200.jpg\" alt=\"\" width=\"300\" height=\"200\" srcset=\"https:\/\/radiofenix.com\/wp-content\/uploads\/2025\/06\/IMG-20250513-WA0088-2-300x200.jpg 300w, https:\/\/radiofenix.com\/wp-content\/uploads\/2025\/06\/IMG-20250513-WA0088-2-1024x683.jpg 1024w, https:\/\/radiofenix.com\/wp-content\/uploads\/2025\/06\/IMG-20250513-WA0088-2-768x512.jpg 768w, https:\/\/radiofenix.com\/wp-content\/uploads\/2025\/06\/IMG-20250513-WA0088-2-1536x1024.jpg 1536w, https:\/\/radiofenix.com\/wp-content\/uploads\/2025\/06\/IMG-20250513-WA0088-2-2048x1365.jpg 2048w\" sizes=\"auto, (max-width: 300px) 100vw, 300px\" \/><\/div>\n","protected":false},"excerpt":{"rendered":"<p>Nacho Torres llam\u00f3 a una reforma fiscal que escuche al campo y a la Argentina que produce El mandatario chubutense fue uno de los principales oradores en JONAGRO 2025, evento que reuni\u00f3 en la ciudad de Buenos Aires a funcionarios, economistas y representantes del sector privado de todo el pa\u00eds. En su exposici\u00f3n, llam\u00f3 a&#8230;<\/p>\n","protected":false},"author":4,"featured_media":238,"comment_status":"closed","ping_status":"closed","sticky":false,"template":"","format":"standard","meta":{"footnotes":""},"categories":[1],"tags":[],"class_list":["post-247","post","type-post","status-publish","format-standard","has-post-thumbnail","hentry","category-uncategorized"],"jetpack_featured_media_url":"https:\/\/radiofenix.com\/wp-content\/uploads\/2025\/06\/IMG-20250513-WA0085-scaled.jpg","_links":{"self":[{"href":"https:\/\/radiofenix.com\/index.php\/wp-json\/wp\/v2\/posts\/247","targetHints":{"allow":["GET"]}}],"collection":[{"href":"https:\/\/radiofenix.com\/index.php\/wp-json\/wp\/v2\/posts"}],"about":[{"href":"https:\/\/radiofenix.com\/index.php\/wp-json\/wp\/v2\/types\/post"}],"author":[{"embeddable":true,"href":"https:\/\/radiofenix.com\/index.php\/wp-json\/wp\/v2\/users\/4"}],"replies":[{"embeddable":true,"href":"https:\/\/radiofenix.com\/index.php\/wp-json\/wp\/v2\/comments?post=247"}],"version-history":[{"count":1,"href":"https:\/\/radiofenix.com\/index.php\/wp-json\/wp\/v2\/posts\/247\/revisions"}],"predecessor-version":[{"id":248,"href":"https:\/\/radiofenix.com\/index.php\/wp-json\/wp\/v2\/posts\/247\/revisions\/248"}],"wp:featuredmedia":[{"embeddable":true,"href":"https:\/\/radiofenix.com\/index.php\/wp-json\/wp\/v2\/media\/238"}],"wp:attachment":[{"href":"https:\/\/radiofenix.com\/index.php\/wp-json\/wp\/v2\/media?parent=247"}],"wp:term":[{"taxonomy":"category","embeddable":true,"href":"https:\/\/radiofenix.com\/index.php\/wp-json\/wp\/v2\/categories?post=247"},{"taxonomy":"post_tag","embeddable":true,"href":"https:\/\/radiofenix.com\/index.php\/wp-json\/wp\/v2\/tags?post=247"}],"curies":[{"name":"wp","href":"https:\/\/api.w.org\/{rel}","templated":true}]}}