{"id":244,"date":"2025-05-22T12:10:16","date_gmt":"2025-05-22T15:10:16","guid":{"rendered":"https:\/\/radiofenix.com\/?p=244"},"modified":"2025-06-24T12:28:18","modified_gmt":"2025-06-24T15:28:18","slug":"chubut-presente-en-la-expo-vinos-negocios-ba-2025","status":"publish","type":"post","link":"https:\/\/radiofenix.com\/index.php\/2025\/05\/22\/chubut-presente-en-la-expo-vinos-negocios-ba-2025\/","title":{"rendered":"Chubut presente en la Expo Vinos &#038; Negocios BA 2025"},"content":{"rendered":"<p><strong>Chubut estar\u00e1 presente en la Expo Vinos &amp; Negocios BA 2025<\/strong><\/p>\n<p><em>Se trata de una de las ferias m\u00e1s relevantes del pa\u00eds en el \u00e1mbito vitivin\u00edcola. Se realizar\u00e1 el 28 y 29 de mayo en el Hotel Hilton de Puerto Madero.<\/em><\/p>\n<p>El Gobierno del Chubut, que conduce Ignacio \u201cNacho\u201d Torres, a trav\u00e9s del Ministerio de Producci\u00f3n, participar\u00e1 de la Expo Vinos &amp; Negocios BA 2025, que reunir\u00e1 el 28 y 29 de mayo en Buenos Aires a miles de compradores profesionales, sommeliers, representantes de bodegas, restaurantes y vinotecas, entre otros.<\/p>\n<p>Al evento, que se desarrollar\u00e1 en el Hotel Hilton de Puerto Madero, Chubut llegar\u00e1 con un stand representado por bodegas vitivin\u00edcolas y dos destiler\u00edas, referentes de la regi\u00f3n, con la impronta de mostrar y comercializar los productos de calidad con agregado de valor que se producen en la Provincia.<\/p>\n<p>Estar\u00e1n presentes las bodegas Bardas al Sur, de Gaiman; Estancia Las Bardas, de Trelew; Patagoni Inmensa Destiler\u00eda (Magallanes), de Puerto Madryn; Casa Yag\u00fce Vinos Australes; Contra Corriente; Vi\u00f1as del Nant y Fall; Entre Senderos wine and Lodge; Saffron Golden Gin, de Trevelin; Vi\u00f1as de Huancache, de Gualjaina; y Ayestar\u00e1n Allard, Bodega de Alta Monta\u00f1a de El Hoyo.<\/p>\n<p><strong>M\u00e1s hect\u00e1reas para producci\u00f3n<\/strong><\/p>\n<p>Respecto a la feria, una de las m\u00e1s relevantes del pa\u00eds en el \u00e1mbito vitivin\u00edcola, la ministra de Producci\u00f3n del Chubut Laura Mirantes explic\u00f3 que \u201ces la primera feria nacional vitivin\u00edcola en la que vamos a participar en este 2025\u201d, y agreg\u00f3 que \u201cseguimos reforzando el acompa\u00f1amiento con el sector porque creemos que est\u00e1n marcando una gran diferencia\u201d.<\/p>\n<p>En ese sentido expres\u00f3 que \u201cest\u00e1n creando una imagen muy positiva y sobre todo en materia de desarrollo productivo vienen sumando m\u00e1s de 180 hect\u00e1reas de productividad\u201d, dijo la ministra en relaci\u00f3n al crecimiento de esta actividad en Chubut.<\/p>\n<p><strong>Expectativa para la comercializaci\u00f3n<\/strong><\/p>\n<p>Por otro lado, Mirantes expres\u00f3 que \u201ctenemos unas m\u00e9tricas alcanzadas en los primeros encuentros que justamente son las m\u00e1s elocuentes, contando con m\u00e1s de 5.000 compradores profesionales. Tuvimos un 11 por ciento de en\u00f3logos, agr\u00f3nomos y ejecutivos de bodegas, un 12 por ciento de sommeliers, un 22 por ciento de todo lo que son restaurantes, bares, hoteles y catering, un 55 por ciento de vinotecas, clubes de vinos y tiendas online, lo que demuestra que tenemos una impronta muy importante en desarrollo; lo cual hace que la Provincia de Chubut se siga destacando en este tipo de ferias\u201d.<\/p>\n<p>Mirantes subray\u00f3 adem\u00e1s que \u201ceste es un desarrollo clave y principal que venimos acompa\u00f1ando desde el d\u00eda uno con las distintas \u00e1reas no solamente de Producci\u00f3n, sino tambi\u00e9n con la Direcci\u00f3n de Comercio, que le da el valor agregado, con la cuota de acompa\u00f1amiento al productor, lo cual siempre es imperioso. No es solamente el acto administrativo o el tr\u00e1mite de un recurso econ\u00f3mico o una l\u00ednea de financiamiento, sino como se viene trabajando en la asistencia t\u00e9cnica y el asesoramiento, en un trabajo conjunto con turismo, en un acompa\u00f1amiento en terreno con las l\u00edneas de financiamiento del CFI y el Banco del Chubut\u201d, finaliz\u00f3.<\/p>\n<div>&#8212;<\/div>\n","protected":false},"excerpt":{"rendered":"<p>Chubut estar\u00e1 presente en la Expo Vinos &amp; Negocios BA 2025 Se trata de una de las ferias m\u00e1s relevantes del pa\u00eds en el \u00e1mbito vitivin\u00edcola. Se realizar\u00e1 el 28 y 29 de mayo en el Hotel Hilton de Puerto Madero. El Gobierno del Chubut, que conduce Ignacio \u201cNacho\u201d Torres, a trav\u00e9s del Ministerio de&#8230;<\/p>\n","protected":false},"author":4,"featured_media":242,"comment_status":"closed","ping_status":"closed","sticky":false,"template":"","format":"standard","meta":{"footnotes":""},"categories":[1],"tags":[],"class_list":["post-244","post","type-post","status-publish","format-standard","has-post-thumbnail","hentry","category-uncategorized"],"jetpack_featured_media_url":"https:\/\/radiofenix.com\/wp-content\/uploads\/2025\/06\/Chubut-estara-presente-en-Expo-VinosNegocios--scaled.jpg","_links":{"self":[{"href":"https:\/\/radiofenix.com\/index.php\/wp-json\/wp\/v2\/posts\/244","targetHints":{"allow":["GET"]}}],"collection":[{"href":"https:\/\/radiofenix.com\/index.php\/wp-json\/wp\/v2\/posts"}],"about":[{"href":"https:\/\/radiofenix.com\/index.php\/wp-json\/wp\/v2\/types\/post"}],"author":[{"embeddable":true,"href":"https:\/\/radiofenix.com\/index.php\/wp-json\/wp\/v2\/users\/4"}],"replies":[{"embeddable":true,"href":"https:\/\/radiofenix.com\/index.php\/wp-json\/wp\/v2\/comments?post=244"}],"version-history":[{"count":1,"href":"https:\/\/radiofenix.com\/index.php\/wp-json\/wp\/v2\/posts\/244\/revisions"}],"predecessor-version":[{"id":245,"href":"https:\/\/radiofenix.com\/index.php\/wp-json\/wp\/v2\/posts\/244\/revisions\/245"}],"wp:featuredmedia":[{"embeddable":true,"href":"https:\/\/radiofenix.com\/index.php\/wp-json\/wp\/v2\/media\/242"}],"wp:attachment":[{"href":"https:\/\/radiofenix.com\/index.php\/wp-json\/wp\/v2\/media?parent=244"}],"wp:term":[{"taxonomy":"category","embeddable":true,"href":"https:\/\/radiofenix.com\/index.php\/wp-json\/wp\/v2\/categories?post=244"},{"taxonomy":"post_tag","embeddable":true,"href":"https:\/\/radiofenix.com\/index.php\/wp-json\/wp\/v2\/tags?post=244"}],"curies":[{"name":"wp","href":"https:\/\/api.w.org\/{rel}","templated":true}]}}