{"id":229,"date":"2025-05-07T11:43:17","date_gmt":"2025-05-07T14:43:17","guid":{"rendered":"https:\/\/radiofenix.com\/?p=229"},"modified":"2025-06-24T12:29:32","modified_gmt":"2025-06-24T15:29:32","slug":"en-chubut-ya-se-aplicaron-cerca-de-37-000-vacunas-antigripales-a-grupos-de-riesgo","status":"publish","type":"post","link":"https:\/\/radiofenix.com\/index.php\/2025\/05\/07\/en-chubut-ya-se-aplicaron-cerca-de-37-000-vacunas-antigripales-a-grupos-de-riesgo\/","title":{"rendered":"En Chubut ya se aplicaron cerca de 37.000 vacunas antigripales a grupos de riesgo"},"content":{"rendered":"<p><strong>En Chubut ya se aplicaron cerca de 37.000 vacunas antigripales a grupos de riesgo<\/strong><\/p>\n<p><em>Lo confirm\u00f3 la Secretar\u00eda de Salud tras la realizaci\u00f3n de m\u00faltiples actividades en localidades de toda la provincia durante la \u201cSemana de Vacunaci\u00f3n en las Am\u00e9ricas 2025\u201d. La iniciativa regional impulsada por la Organizaci\u00f3n Panamericana de la Salud, se realiz\u00f3 entre el 26 de abril y el 3 de mayo.<\/em><\/p>\n<p>La gesti\u00f3n del gobernador Ignacio \u201cNacho\u201d Torres inform\u00f3, a trav\u00e9s de la Secretar\u00eda de Salud del Chubut, que ya se aplicaron un total de 36.916 dosis de la vacuna antigripal a personas comprendidas dentro de los grupos de riesgo de toda la provincia, con el objetivo de reducir las complicaciones, hospitalizaciones, secuelas y muertes ocasionadas por la infecci\u00f3n del virus influenza en la poblaci\u00f3n.<\/p>\n<p>El dato fue confirmado este martes por la cartera sanitaria, que encabeza la secretaria Denise Acosta, luego de la realizaci\u00f3n de m\u00faltiples actividades en las localidades de toda la provincia durante la \u201cSemana de Vacunaci\u00f3n en las Am\u00e9ricas 2025\u201d, la iniciativa regional impulsada por la Organizaci\u00f3n Panamericana de la Salud (OPS), que se realiz\u00f3 del 26 de abril al 3 de mayo bajo la consigna \u201cTu decisi\u00f3n marca la diferencia. Inmunizaci\u00f3n para todos\u201d.<\/p>\n<p><strong>Grupos de riesgo<\/strong><\/p>\n<p>La \u201cCampa\u00f1a de Vacunaci\u00f3n Antigripal 2025\u201d, que se puso en marcha el pasado martes 18 de marzo, est\u00e1 dirigida a los siguientes grupos de riesgo: el personal de salud; las personas gestantes, en cualquier trimestre de la gestaci\u00f3n; y menores de 6 a 24 meses de edad.<\/p>\n<p>Adem\u00e1s, se incluye dentro de los grupos de riesgo a las personas de 2 y 64 a\u00f1os que tengan factores de riesgo, quienes deben presentar la documentaci\u00f3n que los acredite, excepto en el caso de la obesidad; y las personas de 65 a\u00f1os y m\u00e1s, que no requieren indicaci\u00f3n m\u00e9dica para recibir la vacuna.<\/p>\n<p><strong>Vacunaci\u00f3n oportuna<\/strong><\/p>\n<p>Al respecto, la referente provincial del Programa Ampliado de Inmunizaciones (PAI), Daniela Carreras, se\u00f1al\u00f3 que \u201cla vacunaci\u00f3n antigripal debe efectuarse en forma oportuna, antes del comienzo del invierno, la etapa de mayor circulaci\u00f3n del virus influenza\u201d.<\/p>\n<p>Asimismo, explic\u00f3 que \u201cla vacunaci\u00f3n significa no s\u00f3lo la protecci\u00f3n individual de la persona que se vacuna, que gracias a la inmunizaci\u00f3n que le confiere la vacuna pasa a tener una menor susceptibilidad a la infecci\u00f3n, sino la protecci\u00f3n de toda la comunidad\u201d, y a\u00f1adi\u00f3 que \u201cpor eso decimos que la vacunaci\u00f3n es un acto solidario hacia aquellos que no pueden vacunarse (inmunocomprometidos) o no tienen a\u00fan la edad para hacerlo\u201d.<\/p>\n<p><strong>Agradecimiento a los equipos de salud de Chubut<\/strong><\/p>\n<p>Adem\u00e1s, Daniela Carreras agradeci\u00f3 y puso en valor el trabajo de los equipos de salud de toda la provincia que, durante la \u201cSemana de Vacunaci\u00f3n en las Am\u00e9ricas 2025\u201d, realizaron diversas actividades de vacunaci\u00f3n ampliadas y en terreno en las ciudades de Comodoro Rivadavia, Trelew, Puerto Madryn, Esquel y Rawson, y las localidades del interior provincial, para facilitar el acceso de la poblaci\u00f3n a su inmunizaci\u00f3n contra distintas enfermedades.<\/p>\n<p><strong>Oportunidad para completar esquemas<\/strong><\/p>\n<p>Por \u00faltimo, desde la Secretar\u00eda de Salud se record\u00f3 a la poblaci\u00f3n que la Campa\u00f1a de Vacunaci\u00f3n Antigripal es una oportunidad para completar el resto de las vacunas del Calendario de Vacunaci\u00f3n, como ser la vacuna contra el Covid-19, que est\u00e1 dirigida a todas las personas desde los 6 meses, que deben contar con el esquema primario y las dosis de refuerzo correspondientes; la vacuna Triple Bacteriana Acelular, que est\u00e1 dirigida a las personas gestantes a partir de la semana 20; la vacuna contra el Virus Sincicial Respiratorio (VSR), que est\u00e1 dirigida a las personas gestantes que cursen su embarazo entre las semanas 32 a 36; y la vacuna contra el Neumococo, que est\u00e1 dirigida a las personas de 5 a 64 a\u00f1os con factores de riesgo, y para mayores de 65 a\u00f1os si corresponde.<\/p>\n<p>Asimismo se record\u00f3 que la vacunaci\u00f3n antigripal est\u00e1 disponible, de manera gratuita, para las personas comprendidas dentro de los grupos de riesgo en los 140 vacunatorios de la provincia.<img loading=\"lazy\" decoding=\"async\" class=\"alignnone size-medium wp-image-230\" src=\"https:\/\/radiofenix.com\/wp-content\/uploads\/2025\/06\/actividades-SVA-chubut-5-169x300.jpeg\" alt=\"\" width=\"169\" height=\"300\" srcset=\"https:\/\/radiofenix.com\/wp-content\/uploads\/2025\/06\/actividades-SVA-chubut-5-169x300.jpeg 169w, https:\/\/radiofenix.com\/wp-content\/uploads\/2025\/06\/actividades-SVA-chubut-5-576x1024.jpeg 576w, https:\/\/radiofenix.com\/wp-content\/uploads\/2025\/06\/actividades-SVA-chubut-5.jpeg 720w\" sizes=\"auto, (max-width: 169px) 100vw, 169px\" \/> <img loading=\"lazy\" decoding=\"async\" class=\"alignnone size-medium wp-image-231\" src=\"https:\/\/radiofenix.com\/wp-content\/uploads\/2025\/06\/actividades-SVA-chubut-11-251x300.jpeg\" alt=\"\" width=\"251\" height=\"300\" srcset=\"https:\/\/radiofenix.com\/wp-content\/uploads\/2025\/06\/actividades-SVA-chubut-11-251x300.jpeg 251w, https:\/\/radiofenix.com\/wp-content\/uploads\/2025\/06\/actividades-SVA-chubut-11-858x1024.jpeg 858w, https:\/\/radiofenix.com\/wp-content\/uploads\/2025\/06\/actividades-SVA-chubut-11-768x917.jpeg 768w, https:\/\/radiofenix.com\/wp-content\/uploads\/2025\/06\/actividades-SVA-chubut-11.jpeg 1072w\" sizes=\"auto, (max-width: 251px) 100vw, 251px\" \/> <img loading=\"lazy\" decoding=\"async\" class=\"alignnone size-medium wp-image-232\" src=\"https:\/\/radiofenix.com\/wp-content\/uploads\/2025\/06\/actividades-SVA-chubut-3-225x300.jpeg\" alt=\"\" width=\"225\" height=\"300\" srcset=\"https:\/\/radiofenix.com\/wp-content\/uploads\/2025\/06\/actividades-SVA-chubut-3-225x300.jpeg 225w, https:\/\/radiofenix.com\/wp-content\/uploads\/2025\/06\/actividades-SVA-chubut-3-768x1024.jpeg 768w, https:\/\/radiofenix.com\/wp-content\/uploads\/2025\/06\/actividades-SVA-chubut-3-1152x1536.jpeg 1152w, https:\/\/radiofenix.com\/wp-content\/uploads\/2025\/06\/actividades-SVA-chubut-3.jpeg 1200w\" sizes=\"auto, (max-width: 225px) 100vw, 225px\" \/><\/p>\n","protected":false},"excerpt":{"rendered":"<p>En Chubut ya se aplicaron cerca de 37.000 vacunas antigripales a grupos de riesgo Lo confirm\u00f3 la Secretar\u00eda de Salud tras la realizaci\u00f3n de m\u00faltiples actividades en localidades de toda la provincia durante la \u201cSemana de Vacunaci\u00f3n en las Am\u00e9ricas 2025\u201d. La iniciativa regional impulsada por la Organizaci\u00f3n Panamericana de la Salud, se realiz\u00f3 entre&#8230;<\/p>\n","protected":false},"author":4,"featured_media":232,"comment_status":"closed","ping_status":"closed","sticky":false,"template":"","format":"standard","meta":{"footnotes":""},"categories":[1],"tags":[],"class_list":["post-229","post","type-post","status-publish","format-standard","has-post-thumbnail","hentry","category-uncategorized"],"jetpack_featured_media_url":"https:\/\/radiofenix.com\/wp-content\/uploads\/2025\/06\/actividades-SVA-chubut-3.jpeg","_links":{"self":[{"href":"https:\/\/radiofenix.com\/index.php\/wp-json\/wp\/v2\/posts\/229","targetHints":{"allow":["GET"]}}],"collection":[{"href":"https:\/\/radiofenix.com\/index.php\/wp-json\/wp\/v2\/posts"}],"about":[{"href":"https:\/\/radiofenix.com\/index.php\/wp-json\/wp\/v2\/types\/post"}],"author":[{"embeddable":true,"href":"https:\/\/radiofenix.com\/index.php\/wp-json\/wp\/v2\/users\/4"}],"replies":[{"embeddable":true,"href":"https:\/\/radiofenix.com\/index.php\/wp-json\/wp\/v2\/comments?post=229"}],"version-history":[{"count":1,"href":"https:\/\/radiofenix.com\/index.php\/wp-json\/wp\/v2\/posts\/229\/revisions"}],"predecessor-version":[{"id":233,"href":"https:\/\/radiofenix.com\/index.php\/wp-json\/wp\/v2\/posts\/229\/revisions\/233"}],"wp:featuredmedia":[{"embeddable":true,"href":"https:\/\/radiofenix.com\/index.php\/wp-json\/wp\/v2\/media\/232"}],"wp:attachment":[{"href":"https:\/\/radiofenix.com\/index.php\/wp-json\/wp\/v2\/media?parent=229"}],"wp:term":[{"taxonomy":"category","embeddable":true,"href":"https:\/\/radiofenix.com\/index.php\/wp-json\/wp\/v2\/categories?post=229"},{"taxonomy":"post_tag","embeddable":true,"href":"https:\/\/radiofenix.com\/index.php\/wp-json\/wp\/v2\/tags?post=229"}],"curies":[{"name":"wp","href":"https:\/\/api.w.org\/{rel}","templated":true}]}}