{"id":190,"date":"2025-04-21T10:54:48","date_gmt":"2025-04-21T13:54:48","guid":{"rendered":"https:\/\/radiofenix.com\/?p=190"},"modified":"2025-05-10T16:27:34","modified_gmt":"2025-05-10T19:27:34","slug":"la-temporada-de-pesca-cierra-con-actividades-en-cuatro-localidades-de-chubut","status":"publish","type":"post","link":"https:\/\/radiofenix.com\/index.php\/2025\/04\/21\/la-temporada-de-pesca-cierra-con-actividades-en-cuatro-localidades-de-chubut\/","title":{"rendered":"La temporada de pesca cierra con actividades en cuatro localidades de Chubut"},"content":{"rendered":"<h2 class=\"article-deck\"><\/h2>\n<h2><\/h2>\n<h2 class=\"article-deck\">En el marco del cronograma de actividades, se realizar\u00e1n distintas acciones en Esquel, Trevelin, R\u00edo Pico y Atilio Viglione. Adem\u00e1s, periodistas de medios de comunicaci\u00f3n especializados en la tem\u00e1tica recorrer\u00e1n los espejos de agua de la cordillera.<\/h2>\n<p><time class=\"article-date\" datetime=\"2025-04-21T20:14:54.545Z\">lunes 21 de abril de 2025\u00a0<\/time><\/p>\n<p><strong>Chubut organiza el Primer Cierre de la Temporada de Pesca Deportiva Continental<\/strong>\u00a0con un cronograma de actividades en distintos puntos de la provincia.<\/p>\n<p>Es llevado adelante de manera conjunta entre la Secretar\u00eda de Pesca, a cargo de Andr\u00e9s Arbeletche, y el Ministerio de Turismo y \u00c1reas Protegidas del Chubut, que conduce Diego Lapenna, contando asimismo con el acompa\u00f1amiento de la Comuna Rural y municipios.<\/p>\n<p>En ese marco, este lunes se realiz\u00f3 una conferencia de prensa encabezada por el director de Pesca Continental, Pablo Buono; el delegado regional de la cartera tur\u00edstica, V\u00edctor Y\u00e1\u00f1ez; la presidenta de la Comuna Rural, F\u00e1tima Avil\u00e9s, y la subsecretaria de Turismo de Esquel, Florencia Andolfatti.<\/p>\n<p>Buono explic\u00f3 que \u201cpor primera vez se organiza un evento para darle cierre a la temporada de pesca deportiva continental\u201d y destac\u00f3 adem\u00e1s que\u00a0<strong>\u201cvamos a estar realizando actividades en cuatro localidades: Esquel, Trevelin, R\u00edo Pico y Atilio Viglione\u201d.<\/strong><\/p>\n","protected":false},"excerpt":{"rendered":"<p>En el marco del cronograma de actividades, se realizar\u00e1n distintas acciones en Esquel, Trevelin, R\u00edo Pico y Atilio Viglione. Adem\u00e1s, periodistas de medios de comunicaci\u00f3n especializados en la tem\u00e1tica recorrer\u00e1n los espejos de agua de la cordillera. lunes 21 de abril de 2025\u00a0 Chubut organiza el Primer Cierre de la Temporada de Pesca Deportiva Continental\u00a0con&#8230;<\/p>\n","protected":false},"author":4,"featured_media":205,"comment_status":"closed","ping_status":"closed","sticky":false,"template":"","format":"standard","meta":{"footnotes":""},"categories":[1],"tags":[],"class_list":["post-190","post","type-post","status-publish","format-standard","has-post-thumbnail","hentry","category-uncategorized"],"jetpack_featured_media_url":"https:\/\/radiofenix.com\/wp-content\/uploads\/2025\/05\/Pesca-en-cordillera-2.jpg","_links":{"self":[{"href":"https:\/\/radiofenix.com\/index.php\/wp-json\/wp\/v2\/posts\/190","targetHints":{"allow":["GET"]}}],"collection":[{"href":"https:\/\/radiofenix.com\/index.php\/wp-json\/wp\/v2\/posts"}],"about":[{"href":"https:\/\/radiofenix.com\/index.php\/wp-json\/wp\/v2\/types\/post"}],"author":[{"embeddable":true,"href":"https:\/\/radiofenix.com\/index.php\/wp-json\/wp\/v2\/users\/4"}],"replies":[{"embeddable":true,"href":"https:\/\/radiofenix.com\/index.php\/wp-json\/wp\/v2\/comments?post=190"}],"version-history":[{"count":3,"href":"https:\/\/radiofenix.com\/index.php\/wp-json\/wp\/v2\/posts\/190\/revisions"}],"predecessor-version":[{"id":206,"href":"https:\/\/radiofenix.com\/index.php\/wp-json\/wp\/v2\/posts\/190\/revisions\/206"}],"wp:featuredmedia":[{"embeddable":true,"href":"https:\/\/radiofenix.com\/index.php\/wp-json\/wp\/v2\/media\/205"}],"wp:attachment":[{"href":"https:\/\/radiofenix.com\/index.php\/wp-json\/wp\/v2\/media?parent=190"}],"wp:term":[{"taxonomy":"category","embeddable":true,"href":"https:\/\/radiofenix.com\/index.php\/wp-json\/wp\/v2\/categories?post=190"},{"taxonomy":"post_tag","embeddable":true,"href":"https:\/\/radiofenix.com\/index.php\/wp-json\/wp\/v2\/tags?post=190"}],"curies":[{"name":"wp","href":"https:\/\/api.w.org\/{rel}","templated":true}]}}