{"id":185,"date":"2025-04-17T10:51:50","date_gmt":"2025-04-17T13:51:50","guid":{"rendered":"https:\/\/radiofenix.com\/?p=185"},"modified":"2025-05-10T16:08:00","modified_gmt":"2025-05-10T19:08:00","slug":"secuestraron-otros-7-000-pies-de-madera-tras-nuevos-allanamientos-en-lago-puelo","status":"publish","type":"post","link":"https:\/\/radiofenix.com\/index.php\/2025\/04\/17\/secuestraron-otros-7-000-pies-de-madera-tras-nuevos-allanamientos-en-lago-puelo\/","title":{"rendered":"Secuestraron otros 7.000 pies de madera tras nuevos allanamientos en Lago Puelo"},"content":{"rendered":"<p>Jueves 17 de Abril de 2025.<\/p>\n<p>&nbsp;<\/p>\n<h2 class=\"article-deck\">Los operativos se realizaron este mi\u00e9rcoles tras una ampliaci\u00f3n de denuncia efectuada por el Gobierno del Chubut, a trav\u00e9s de la Secretar\u00eda de Bosques, luego de los procedimientos que tuvieron lugar d\u00edas pasados con el objetivo de desmantelar el tr\u00e1fico ilegal de madera en la cordillera.<\/h2>\n<p>Un total de\u00a0<strong>7.000 pies de madera procesada se incautaron\u00a0<\/strong>este mi\u00e9rcoles tras\u00a0<strong>trece allanamientos\u00a0<\/strong>efectuados en la cordillera chubutense, en el marco de la\u00a0<a href=\"https:\/\/www.eqsnotas.com\/policiales\/operativo-en-lago-puelo--la-policia-decomiso-madera-valuada-en-mas-de-250-millones-de-pesos_a67f91ddcfe33172f0d09be71\">causa de corte ilegal de madera en la reserva forestal Taza de Te, ubicada en Lago Puelo<\/a>.<\/p>\n<p>Los resultados de los operativos de las \u00faltimas horas se sumaron a los efectuados d\u00edas atr\u00e1s, los cuales permitieron comenzar a<strong>\u00a0desmantelar una industria maderera ilegal\u00a0<\/strong>que atenta contra el recurso natural que posee Chubut.<\/p>\n<p><img loading=\"lazy\" decoding=\"async\" class=\"alignnone size-medium wp-image-187\" src=\"https:\/\/radiofenix.com\/wp-content\/uploads\/2025\/05\/Operativo-Madera-2-300x226.webp\" alt=\"\" width=\"300\" height=\"226\" srcset=\"https:\/\/radiofenix.com\/wp-content\/uploads\/2025\/05\/Operativo-Madera-2-300x226.webp 300w, https:\/\/radiofenix.com\/wp-content\/uploads\/2025\/05\/Operativo-Madera-2-768x578.webp 768w, https:\/\/radiofenix.com\/wp-content\/uploads\/2025\/05\/Operativo-Madera-2.webp 957w\" sizes=\"auto, (max-width: 300px) 100vw, 300px\" \/><\/p>\n","protected":false},"excerpt":{"rendered":"<p>Jueves 17 de Abril de 2025. &nbsp; Los operativos se realizaron este mi\u00e9rcoles tras una ampliaci\u00f3n de denuncia efectuada por el Gobierno del Chubut, a trav\u00e9s de la Secretar\u00eda de Bosques, luego de los procedimientos que tuvieron lugar d\u00edas pasados con el objetivo de desmantelar el tr\u00e1fico ilegal de madera en la cordillera. Un total&#8230;<\/p>\n","protected":false},"author":4,"featured_media":186,"comment_status":"closed","ping_status":"closed","sticky":false,"template":"","format":"standard","meta":{"footnotes":""},"categories":[1],"tags":[],"class_list":["post-185","post","type-post","status-publish","format-standard","has-post-thumbnail","hentry","category-uncategorized"],"jetpack_featured_media_url":"https:\/\/radiofenix.com\/wp-content\/uploads\/2025\/05\/Operativo-Madera-1.webp","_links":{"self":[{"href":"https:\/\/radiofenix.com\/index.php\/wp-json\/wp\/v2\/posts\/185","targetHints":{"allow":["GET"]}}],"collection":[{"href":"https:\/\/radiofenix.com\/index.php\/wp-json\/wp\/v2\/posts"}],"about":[{"href":"https:\/\/radiofenix.com\/index.php\/wp-json\/wp\/v2\/types\/post"}],"author":[{"embeddable":true,"href":"https:\/\/radiofenix.com\/index.php\/wp-json\/wp\/v2\/users\/4"}],"replies":[{"embeddable":true,"href":"https:\/\/radiofenix.com\/index.php\/wp-json\/wp\/v2\/comments?post=185"}],"version-history":[{"count":2,"href":"https:\/\/radiofenix.com\/index.php\/wp-json\/wp\/v2\/posts\/185\/revisions"}],"predecessor-version":[{"id":189,"href":"https:\/\/radiofenix.com\/index.php\/wp-json\/wp\/v2\/posts\/185\/revisions\/189"}],"wp:featuredmedia":[{"embeddable":true,"href":"https:\/\/radiofenix.com\/index.php\/wp-json\/wp\/v2\/media\/186"}],"wp:attachment":[{"href":"https:\/\/radiofenix.com\/index.php\/wp-json\/wp\/v2\/media?parent=185"}],"wp:term":[{"taxonomy":"category","embeddable":true,"href":"https:\/\/radiofenix.com\/index.php\/wp-json\/wp\/v2\/categories?post=185"},{"taxonomy":"post_tag","embeddable":true,"href":"https:\/\/radiofenix.com\/index.php\/wp-json\/wp\/v2\/tags?post=185"}],"curies":[{"name":"wp","href":"https:\/\/api.w.org\/{rel}","templated":true}]}}