{"id":180,"date":"2025-04-10T10:44:15","date_gmt":"2025-04-10T13:44:15","guid":{"rendered":"https:\/\/radiofenix.com\/?p=180"},"modified":"2025-05-10T16:09:52","modified_gmt":"2025-05-10T19:09:52","slug":"gabinete-itinerante-torres-planifica-reuniones-regionales-para-fortalecer-el-trabajo-con-municipios","status":"publish","type":"post","link":"https:\/\/radiofenix.com\/index.php\/2025\/04\/10\/gabinete-itinerante-torres-planifica-reuniones-regionales-para-fortalecer-el-trabajo-con-municipios\/","title":{"rendered":"Gabinete itinerante: Torres planifica reuniones regionales para fortalecer el trabajo con municipios"},"content":{"rendered":"<p>10 de abril<\/p>\n<h2 class=\"article-deck\">En el marco de una nueva reuni\u00f3n de gabinete que encabez\u00f3 este jueves en Rawson, el mandatario anticip\u00f3 mesas de trabajo conjuntas en los municipios de la Meseta, la Cordillera y el Sur provincial<\/h2>\n<p><img loading=\"lazy\" decoding=\"async\" class=\"alignnone size-medium wp-image-181\" src=\"https:\/\/radiofenix.com\/wp-content\/uploads\/2025\/05\/Torres-gabinete-itinerante-1-300x158.webp\" alt=\"\" width=\"300\" height=\"158\" srcset=\"https:\/\/radiofenix.com\/wp-content\/uploads\/2025\/05\/Torres-gabinete-itinerante-1-300x158.webp 300w, https:\/\/radiofenix.com\/wp-content\/uploads\/2025\/05\/Torres-gabinete-itinerante-1-1024x538.webp 1024w, https:\/\/radiofenix.com\/wp-content\/uploads\/2025\/05\/Torres-gabinete-itinerante-1-768x403.webp 768w, https:\/\/radiofenix.com\/wp-content\/uploads\/2025\/05\/Torres-gabinete-itinerante-1.webp 1280w\" sizes=\"auto, (max-width: 300px) 100vw, 300px\" \/><\/p>\n<p>&nbsp;<\/p>\n<p>&nbsp;<\/p>\n<p>El gobernador del Chubut, Ignacio \u201cNacho\u201d Torres,\u00a0<strong>reuni\u00f3 este jueves en Rawson a funcionarios del Gabinete Provincial\u00a0<\/strong>para hacer un repaso de los distintos programas desplegados en el territorio chubutense durante los primeros meses de 2025.<\/p>\n<p>Adem\u00e1s,<strong>\u00a0el mandatario defini\u00f3 junto a su equipo de trabajo las acciones a priorizar\u00a0<\/strong>en localidades y comunas de la provincia,<strong>\u00a0y anticip\u00f3 que a futuro replicar\u00e1 este esquema de reuniones en la zona Sur, la Meseta y la Cordillera.<\/strong><\/p>\n<p>Del encuentro, desarrollado esta ma\u00f1ana en el Sal\u00f3n de Usos M\u00faltiples de la Administraci\u00f3n de Vialidad Provincial, participaron ministros, secretarios, subsecretarios y presidentes de entes descentralizados, entre otros funcionarios.<\/p>\n<p>Previamente, el gobernador le tom\u00f3 juramento a H\u00e9ctor Abel Nievas Arroyo como el nuevo titular de la Secretar\u00eda de Bosques de Chubut.<\/p>\n<p><img loading=\"lazy\" decoding=\"async\" class=\"alignnone size-medium wp-image-182\" src=\"https:\/\/radiofenix.com\/wp-content\/uploads\/2025\/05\/Torres-gabinete-itinerante-2-300x158.webp\" alt=\"\" width=\"300\" height=\"158\" srcset=\"https:\/\/radiofenix.com\/wp-content\/uploads\/2025\/05\/Torres-gabinete-itinerante-2-300x158.webp 300w, https:\/\/radiofenix.com\/wp-content\/uploads\/2025\/05\/Torres-gabinete-itinerante-2-1024x538.webp 1024w, https:\/\/radiofenix.com\/wp-content\/uploads\/2025\/05\/Torres-gabinete-itinerante-2-768x404.webp 768w, https:\/\/radiofenix.com\/wp-content\/uploads\/2025\/05\/Torres-gabinete-itinerante-2.webp 1280w\" sizes=\"auto, (max-width: 300px) 100vw, 300px\" \/><\/p>\n<h3>Agendas articuladas de trabajo<\/h3>\n<p>En el marco de la mesa de trabajo, el mandatario anticip\u00f3 que m\u00e1s adelante se realizar\u00e1n reuniones similares en otros puntos de la provincia con el objetivo de articular acciones entre los responsables de cada \u00e1rea de gobierno y los diferentes municipios chubutenses. \u201cVoy a estar encabezando, junto a mi equipo, una recorrida por la Meseta, la Cordillera y la zona Sur para interiorizarme de las problem\u00e1ticas puntuales de cada pueblo y tomar contacto directo con vecinos, intendentes y jefes comunales\u201d, manifest\u00f3.<\/p>\n<p>El titular del Ejecutivo revel\u00f3 que se \u201cplanificar\u00e1n distintas agendas de trabajo de acuerdo a las realidades de cada lugar\u201d e indic\u00f3 que \u201charemos las recorridas por tierra para as\u00ed poder ir visitando localidad por localidad y desarrollar mini reuniones de gabinete conjuntas\u201d.<\/p>\n","protected":false},"excerpt":{"rendered":"<p>10 de abril En el marco de una nueva reuni\u00f3n de gabinete que encabez\u00f3 este jueves en Rawson, el mandatario anticip\u00f3 mesas de trabajo conjuntas en los municipios de la Meseta, la Cordillera y el Sur provincial &nbsp; &nbsp; El gobernador del Chubut, Ignacio \u201cNacho\u201d Torres,\u00a0reuni\u00f3 este jueves en Rawson a funcionarios del Gabinete Provincial\u00a0para&#8230;<\/p>\n","protected":false},"author":4,"featured_media":181,"comment_status":"closed","ping_status":"closed","sticky":false,"template":"","format":"standard","meta":{"footnotes":""},"categories":[1],"tags":[],"class_list":["post-180","post","type-post","status-publish","format-standard","has-post-thumbnail","hentry","category-uncategorized"],"jetpack_featured_media_url":"https:\/\/radiofenix.com\/wp-content\/uploads\/2025\/05\/Torres-gabinete-itinerante-1.webp","_links":{"self":[{"href":"https:\/\/radiofenix.com\/index.php\/wp-json\/wp\/v2\/posts\/180","targetHints":{"allow":["GET"]}}],"collection":[{"href":"https:\/\/radiofenix.com\/index.php\/wp-json\/wp\/v2\/posts"}],"about":[{"href":"https:\/\/radiofenix.com\/index.php\/wp-json\/wp\/v2\/types\/post"}],"author":[{"embeddable":true,"href":"https:\/\/radiofenix.com\/index.php\/wp-json\/wp\/v2\/users\/4"}],"replies":[{"embeddable":true,"href":"https:\/\/radiofenix.com\/index.php\/wp-json\/wp\/v2\/comments?post=180"}],"version-history":[{"count":2,"href":"https:\/\/radiofenix.com\/index.php\/wp-json\/wp\/v2\/posts\/180\/revisions"}],"predecessor-version":[{"id":184,"href":"https:\/\/radiofenix.com\/index.php\/wp-json\/wp\/v2\/posts\/180\/revisions\/184"}],"wp:featuredmedia":[{"embeddable":true,"href":"https:\/\/radiofenix.com\/index.php\/wp-json\/wp\/v2\/media\/181"}],"wp:attachment":[{"href":"https:\/\/radiofenix.com\/index.php\/wp-json\/wp\/v2\/media?parent=180"}],"wp:term":[{"taxonomy":"category","embeddable":true,"href":"https:\/\/radiofenix.com\/index.php\/wp-json\/wp\/v2\/categories?post=180"},{"taxonomy":"post_tag","embeddable":true,"href":"https:\/\/radiofenix.com\/index.php\/wp-json\/wp\/v2\/tags?post=180"}],"curies":[{"name":"wp","href":"https:\/\/api.w.org\/{rel}","templated":true}]}}